{"id":1296,"date":"2020-07-03T17:45:33","date_gmt":"2020-07-03T15:45:33","guid":{"rendered":"https:\/\/www.aveyronline.net\/?p=1296"},"modified":"2020-07-14T17:46:18","modified_gmt":"2020-07-14T15:46:18","slug":"bez-bedene","status":"publish","type":"post","link":"https:\/\/www.aveyronline.net\/index.php\/2020\/07\/03\/bez-bedene\/","title":{"rendered":"Bez B\u00e9d\u00e8ne <br>un site remarquablement myst\u00e9rieux"},"content":{"rendered":"\n<h4 class=\"wp-block-heading\"><strong>C&rsquo;est un v\u00e9ritable coup de c\u0153ur touristique.\u00a0\u00a0Bez B\u00e9d\u00e8ne est un site incontournable pour les personnes \u00e0 la recherche d&rsquo;endroits originaux et quasiment rest\u00e9s \u00e0 l&rsquo;\u00e9tat sauvage. Ce hameau paisible se situe\u00a0\u00e0 564 m d&rsquo;altitude, dans un m\u00e9andre de la Selves, en aval du barrage de Maury, proche de Saint Amans des C\u00f4ts, bourg principal de la Viad\u00e8ne.<\/strong><\/h4>\n\n\n\n<p>Quant \u00e0 La Viad\u00e8ne, c&rsquo;est un plateau d\u00e9limit\u00e9 au Sud par la vall\u00e9e du Lot, \u00e0 l&rsquo;ouest et au nord par celle de la Truy\u00e8re et \u00e0 l&rsquo;Est par les monts d&rsquo;Aubrac. Site pittoresque et remarquable,&nbsp;Bez B\u00e9d\u00e8ne se trouve sur un \u00e9peron rocheux granitique comme ench\u00e2ss\u00e9 dans un cirque impressionnant et fa\u00e7onn\u00e9 au fil des si\u00e8cles par la rivi\u00e8re Selves. Il est superbement domin\u00e9 par le puy de Montab\u00e8s. Les amoureux de la nature et des endroits calmes l&rsquo;adorent.<\/p>\n\n\n\n<p>On acc\u00e8de au hameau de Bez-B\u00e9d\u00e8ne (commune de Campouriez)&nbsp;par la route qui descend directement depuis Saint-Amans-des-Cots, ou bien par le petit chemin de la vall\u00e9e qui remonte vers le hameau apr\u00e8s avoir franchi la Selves sur le pont dit \u00ab\u00a0romain\u00a0\u00bb ou \u00ab\u00a0de la Banide\u00a0\u00bb.&nbsp;&nbsp;Attention \u00e0 ce petit pont tr\u00e8s \u00e9troit. Mais il Il vaut aussi le coup d\u2019\u0153il. Il date du XIVe si\u00e8cle.&nbsp;<br>Un peu plus loin, on peut voir les vestiges d&rsquo;une voie romaine. D&rsquo;un point de vue historique, cela d\u00e9montre que le lieu \u00e9tait fr\u00e9quent\u00e9 de longue date. D&rsquo;apr\u00e8s certaines recherches, le nom de Viad\u00e8ne ferait d&rsquo;ailleurs r\u00e9f\u00e9rence \u00e0 la \u00abVia decima\u00a0\u00bb, dixi\u00e8me voie romaine. La pr\u00e9sence de cet ancien axe de communication, tout comme l&rsquo;appellation de \u00ab\u00a0pont romain\u00a0\u00bb laisserait supposer que des p\u00e8lerins de Saint-Jacques passaient par cette voie au Moyen-Age. On retrouve la m\u00eame appellation pour le petit pont \u00ab\u00a0romain\u00a0\u00bb \u00e0 l&rsquo;entr\u00e9e de Conques, par exemple.<\/p>\n\n\n\n<p>Le village de Bez-B\u00e9d\u00e8ne s\u2019est, selon toute vraisemblance construit autour&nbsp;de son \u00e9glise.&nbsp;Un&nbsp;ermitage a \u00e9t\u00e9 fond\u00e9 au XIe si\u00e8cle par saint Gausbert, chanoine de Rodez, avant qu&rsquo;il ne parte fonder vers 1070 l\u2019abbaye de&nbsp;Montsalvy (Cantal) gr\u00e2ce \u00e0 une donation des seigneurs de Carlat.&nbsp;Ses reliques sont conserv\u00e9es \u00e0 Laussac (en aveyron).<\/p>\n\n\n\n<p>&nbsp;En 1087, l\u2019ermitage est transform\u00e9 en \u00e9glise paroissiale.&nbsp;Celle-ci devient un&nbsp;prieur\u00e9 qui est ensuite uni au coll\u00e8ge des J\u00e9suites de Rodez en 1576. De nos jours, le prieur\u00e9 reste le monument phare de cet \u00e9peron rocheux. Mais ce n&rsquo;est pas le plus impressionnant \u00e0 voir.<\/p>\n\n\n\n<p>&nbsp;Car la surprise qui attend les visiteurs, ce sont bien ces roches immenses en granit. Dans la r\u00e9gion, ces pierres affleurent \u00e0 m\u00eame le sol et se retrouvent parfois au sein m\u00eame des cours des maisons. Pour les admirer, il faut avancer \u00e0 l&rsquo;endroit d&rsquo;une grande croix mont\u00e9e sur un socle (\u00e9galement en granit), et juste en face des maisons du village, pour voir se dresser un paysage de rochers granitiques&nbsp;dont les formes \u00e9tranges ont produit des l\u00e9gendes au fil des si\u00e8cles. Dans ce paysage, tout droit sorti des l\u00e9gendes nordiques, se distingue un ensemble de pierres qui tiennent en \u00e9quilibre. Ce rocher dit tremblant, comme l&rsquo;appellent certains habitants (le mot dolmen revient \u00e9galement) ne peut laisser insensible tant il parle \u00e0 notre imaginaire.<\/p>\n\n\n\n<p>Plusieurs autres rochers d&rsquo;ailleurs portent des noms donn\u00e9s autrefois par les habitants, \u00e0 ces pierres, selon leurs formes. Dans les textes, on retrouve les appellations de  \u00ab\u00a0<em>roc del citrou<\/em>\u00ab\u00a0,\u00a0\u00ab\u00a0<em>roc de l&rsquo;ohuc<\/em>\u00ab\u00a0,\u00a0\u00bb<em>roc de los Cocudos<\/em>\u00a0\u00bb (en rouergat ou occitan).<br>C&rsquo;est donc dans\u00a0\u00a0cet environnement rocheux que se blottit le hameau et ses maisons en lauze, \u00e0 voir absolument. Au fil de la balade dans le village, on d\u00e9couvre \u00e9galement un four \u00e0 pain.<\/p>\n\n\n\n<p>Depuis le site, on peut aussi profiter de plusieurs chemins de randonn\u00e9es.<\/p>\n\n\n\n<p>Depuis le four \u00e0 pain et tout droit jusqu&rsquo;au cimeti\u00e8re, c&rsquo;est l&rsquo;occasion de r\u00e9aliser une balade d&rsquo;une 1h30. De difficult\u00e9 moyenne, elle est accessible au plus grand nombre. Cette balade permet d&rsquo;admirer de beaux paysages, de prendre le frais dans les sous-bois, tout en continuant \u00e0 admirer le&nbsp;site sauvage et magnifique, \u00e0 travers le contour de la presqu&rsquo;\u00eele, des gorges de la Selves et du calvaire. Deux autres chemins (plus sportifs) sont balis\u00e9s pour la randonn\u00e9e.<\/p>\n\n\n\n<p>Bez-B\u00e9d\u00e8ne est aussi l&rsquo;occasion de (re) d\u00e9couvrir des artistes contemporains, comme Claude Baillon. Ce peintre-artiste, install\u00e9 \u00e0 Millau, a cr\u00e9\u00e9 de nombreuses oeuvres dans des lieux publics en Aveyron dont des vitraux au sein de l&rsquo;\u00e9glise de Bez-B\u00e9d\u00e8ne.<\/p>\n\n\n\n<div class=\"wp-block-columns is-layout-flex wp-container-core-columns-is-layout-28f84493 wp-block-columns-is-layout-flex\">\n<div class=\"wp-block-column is-layout-flow wp-block-column-is-layout-flow\" style=\"flex-basis:33.33%\">\n<figure class=\"wp-block-image size-large is-resized\"><img fetchpriority=\"high\" decoding=\"async\" src=\"https:\/\/www.aveyronline.net\/wp-content\/uploads\/2020\/07\/Bedene-G01.jpg\" alt=\"\" class=\"wp-image-1299\" width=\"234\" height=\"359\" title=\"\" srcset=\"https:\/\/www.aveyronline.net\/wp-content\/uploads\/2020\/07\/Bedene-G01.jpg 228w, https:\/\/www.aveyronline.net\/wp-content\/uploads\/2020\/07\/Bedene-G01-195x300.jpg 195w\" sizes=\"(max-width: 234px) 100vw, 234px\" \/><figcaption>Entr\u00e9e de l&rsquo;\u00e9glise<\/figcaption><\/figure>\n<\/div>\n\n\n\n<div class=\"wp-block-column is-layout-flow wp-block-column-is-layout-flow\" style=\"flex-basis:66.66%\">\n<figure class=\"wp-block-image size-large\"><img decoding=\"async\" width=\"494\" height=\"350\" src=\"https:\/\/www.aveyronline.net\/wp-content\/uploads\/2020\/07\/Bedene-D01.jpg\" alt=\"\" class=\"wp-image-1300\" title=\"\" srcset=\"https:\/\/www.aveyronline.net\/wp-content\/uploads\/2020\/07\/Bedene-D01.jpg 494w, https:\/\/www.aveyronline.net\/wp-content\/uploads\/2020\/07\/Bedene-D01-300x213.jpg 300w, https:\/\/www.aveyronline.net\/wp-content\/uploads\/2020\/07\/Bedene-D01-100x70.jpg 100w\" sizes=\"(max-width: 494px) 100vw, 494px\" \/><figcaption>Vitrail de Claude Baillon<\/figcaption><\/figure>\n<\/div>\n<\/div>\n\n\n\n<p><\/p>\n\n\n\n<p>Par ailleurs, en allant \u00e0 Bez-B\u00e9d\u00e8ne, autant d\u00e9couvrir ses environs, comme Campouriez. Le village de 360 habitants offre des services pour passer un agr\u00e9able s\u00e9jour. Citons le camping et sa piscine chauff\u00e9e, ainsi que ses deux g\u00eetes (trois \u00e9toiles), l&rsquo;un est situ\u00e9 \u00e0 Campouriez, le second \u00e0 Bez-B\u00e9d\u00e8ne. A voir \u00e9galement&nbsp;&nbsp;son&nbsp;mus\u00e9e, reconstituant une classe<strong>&nbsp;<\/strong>d&rsquo;\u00e9cole des ann\u00e9es 1930\/1960 , son espace Charles de Louvri\u00e9 (1821-1894) , un enfant du pays, pr\u00e9curseur du principe de la propulsion par r\u00e9action,&nbsp; ainsi que des expositions &nbsp;ponctuelles en p\u00e9riode estivale.<\/p>\n\n\n\n<figure class=\"wp-block-embed-youtube wp-block-embed is-type-video is-provider-youtube wp-embed-aspect-16-9 wp-has-aspect-ratio\"><div class=\"wp-block-embed__wrapper\">\n<iframe title=\"B\u00e8s B\u00e9d\u00e8nes, class\u00e9 Sites Remarquables de France et d&#039;Europe\" width=\"800\" height=\"450\" src=\"https:\/\/www.youtube.com\/embed\/ZdewTcpwvBA?feature=oembed\" frameborder=\"0\" allow=\"accelerometer; autoplay; clipboard-write; encrypted-media; gyroscope; picture-in-picture; web-share\" referrerpolicy=\"strict-origin-when-cross-origin\" allowfullscreen><\/iframe>\n<\/div><\/figure>\n\n\n\n<p>La commune offre \u00e9galement sur le site 40 voies\u00a0d&rsquo;escalade et\u00a0une tyrolienne.<\/p>\n\n\n\n<hr class=\"wp-block-separator\"\/>\n\n\n\n<div class=\"wp-block-columns is-layout-flex wp-container-core-columns-is-layout-28f84493 wp-block-columns-is-layout-flex\">\n<div class=\"wp-block-column is-layout-flow wp-block-column-is-layout-flow\">\n<figure class=\"wp-block-image size-large is-resized\"><a href=\"https:\/\/www.aveyronline.net\/index.php\/2020\/07\/05\/aveyron-destinations-insolites\/\"><img decoding=\"async\" src=\"https:\/\/www.aveyronline.net\/wp-content\/uploads\/2020\/07\/Tit-Insolite.jpg\" alt=\"Retour dossier\" class=\"wp-image-1113\" width=\"174\" height=\"45\" title=\"\" srcset=\"https:\/\/www.aveyronline.net\/wp-content\/uploads\/2020\/07\/Tit-Insolite.jpg 338w, https:\/\/www.aveyronline.net\/wp-content\/uploads\/2020\/07\/Tit-Insolite-300x77.jpg 300w\" sizes=\"(max-width: 174px) 100vw, 174px\" \/><\/a><figcaption>Pour retourner au dossier <strong><a href=\"https:\/\/www.aveyronline.net\/index.php\/2020\/07\/05\/aveyron-destinations-insolites\/\" class=\"rank-math-link\">&gt;&gt;&gt;<\/a><\/strong><\/figcaption><\/figure>\n<\/div>\n\n\n\n<div class=\"wp-block-column is-layout-flow wp-block-column-is-layout-flow\">\n<p class=\"has-text-align-right\"><strong>Coordonn\u00e9es GPS :<br><\/strong> <strong><span class=\"has-inline-color has-vivid-cyan-blue-color\">N 44\u00b041\u201921\u2019\u2019&nbsp; E 2\u00b036\u201925\u2019\u2019<\/span><\/strong><\/p>\n\n\n\n<p><\/p>\n\n\n\n<p class=\"has-text-align-right\"><strong>Pour plus d&rsquo;informations<\/strong> :<br> Le site de la mairie : <strong><a href=\"http:\/\/www.campouriez.fr\/Le-Site-de-Bes-Bedene.aspx\" target=\"_blank\" aria-label=\"cliquez-ici (opens in a new tab)\" rel=\"noreferrer noopener nofollow\" class=\"rank-math-link\">cliquez-ici<\/a><\/strong> <br>Des id\u00e9es de randonn\u00e9es : <strong><a href=\"http:\/\/www.randozone.com\/outdoor\/1190\/randonnee-en-aveyron-le-village-de-bez-bedene\" target=\"_blank\" aria-label=\"cliquez-ici (opens in a new tab)\" rel=\"noreferrer noopener nofollow\" class=\"rank-math-link\">cliquez-ici<\/a><\/strong><\/p>\n<\/div>\n<\/div>\n","protected":false},"excerpt":{"rendered":"<p>C&rsquo;est un v\u00e9ritable coup de c\u0153ur touristique.\u00a0\u00a0Bez B\u00e9d\u00e8ne est un site incontournable pour les personnes \u00e0 la recherche d&rsquo;endroits originaux et quasiment rest\u00e9s \u00e0 l&rsquo;\u00e9tat sauvage. Ce hameau paisible se situe\u00a0\u00e0 564 m d&rsquo;altitude, dans un m\u00e9andre de la Selves, en aval du barrage de Maury, proche de Saint Amans des C\u00f4ts, bourg principal de [&hellip;]<\/p>\n","protected":false},"author":2,"featured_media":1302,"comment_status":"open","ping_status":"open","sticky":false,"template":"","format":"standard","meta":{"footnotes":""},"categories":[27,58],"tags":[35,242,244,83,243,222],"class_list":["post-1296","post","type-post","status-publish","format-standard","has-post-thumbnail","hentry","category-les-grands-espaces","category-patrimoine","tag-aubrac","tag-eglise","tag-granit","tag-patrimoine","tag-paysage","tag-randonnee"],"views":961,"_links":{"self":[{"href":"https:\/\/www.aveyronline.net\/index.php\/wp-json\/wp\/v2\/posts\/1296","targetHints":{"allow":["GET"]}}],"collection":[{"href":"https:\/\/www.aveyronline.net\/index.php\/wp-json\/wp\/v2\/posts"}],"about":[{"href":"https:\/\/www.aveyronline.net\/index.php\/wp-json\/wp\/v2\/types\/post"}],"author":[{"embeddable":true,"href":"https:\/\/www.aveyronline.net\/index.php\/wp-json\/wp\/v2\/users\/2"}],"replies":[{"embeddable":true,"href":"https:\/\/www.aveyronline.net\/index.php\/wp-json\/wp\/v2\/comments?post=1296"}],"version-history":[{"count":10,"href":"https:\/\/www.aveyronline.net\/index.php\/wp-json\/wp\/v2\/posts\/1296\/revisions"}],"predecessor-version":[{"id":1310,"href":"https:\/\/www.aveyronline.net\/index.php\/wp-json\/wp\/v2\/posts\/1296\/revisions\/1310"}],"wp:featuredmedia":[{"embeddable":true,"href":"https:\/\/www.aveyronline.net\/index.php\/wp-json\/wp\/v2\/media\/1302"}],"wp:attachment":[{"href":"https:\/\/www.aveyronline.net\/index.php\/wp-json\/wp\/v2\/media?parent=1296"}],"wp:term":[{"taxonomy":"category","embeddable":true,"href":"https:\/\/www.aveyronline.net\/index.php\/wp-json\/wp\/v2\/categories?post=1296"},{"taxonomy":"post_tag","embeddable":true,"href":"https:\/\/www.aveyronline.net\/index.php\/wp-json\/wp\/v2\/tags?post=1296"}],"curies":[{"name":"wp","href":"https:\/\/api.w.org\/{rel}","templated":true}]}}