{"id":13660,"date":"2020-09-30T12:00:31","date_gmt":"2020-09-30T10:00:31","guid":{"rendered":"https:\/\/www.aveyronline.net\/?p=13660"},"modified":"2024-07-31T15:21:21","modified_gmt":"2024-07-31T13:21:21","slug":"ruthene-22-biodiversite","status":"publish","type":"post","link":"https:\/\/www.aveyronline.net\/index.php\/2020\/09\/30\/ruthene-22-biodiversite\/","title":{"rendered":"RUTH\u00c8NE MAGAZINE N\u00b022 : Biodiversit\u00e9&#8230; Aveyron, un riche patrimoine naturel"},"content":{"rendered":"\n<figure class=\"wp-block-embed aligncenter is-type-rich is-provider-issuu wp-block-embed-issuu\"><div class=\"wp-block-embed__wrapper\">\n<iframe title=\"Ruthene Magazine N\u00b022 \" src=\"https:\/\/e.issuu.com\/embed.html?u=ruthene-magazine&#038;d=rm20_22-sept-web\" style=\"border:none; width: 800px; height: 613px;\" allow=\"clipboard-write,allow-top-navigation,allow-top-navigation-by-user-activation,allow-downloads,allow-scripts,allow-same-origin,allow-popups,allow-modals,allow-popups-to-escape-sandbox,allow-forms\"  allowfullscreen=\"true\"><\/iframe>\n<\/div><\/figure>\n\n\n\n<div style=\"height:100px\" aria-hidden=\"true\" class=\"wp-block-spacer\"><\/div>\n\n\n\n<div class=\"wp-block-columns is-layout-flex wp-container-core-columns-is-layout-28f84493 wp-block-columns-is-layout-flex\">\n<div class=\"wp-block-column is-vertically-aligned-center is-layout-flow wp-block-column-is-layout-flow\">\n<figure class=\"wp-block-image size-full\"><img fetchpriority=\"high\" decoding=\"async\" width=\"550\" height=\"800\" src=\"https:\/\/www.aveyronline.net\/wp-content\/uploads\/2023\/01\/dossier-22.jpg\" alt=\"Biodiversit\u00e9\" class=\"wp-image-13662\" title=\"\" srcset=\"https:\/\/www.aveyronline.net\/wp-content\/uploads\/2023\/01\/dossier-22.jpg 550w, https:\/\/www.aveyronline.net\/wp-content\/uploads\/2023\/01\/dossier-22-206x300.jpg 206w, https:\/\/www.aveyronline.net\/wp-content\/uploads\/2023\/01\/dossier-22-289x420.jpg 289w\" sizes=\"(max-width: 550px) 100vw, 550px\" \/><\/figure>\n<\/div>\n\n\n\n<div class=\"wp-block-column is-vertically-aligned-top is-layout-flow wp-block-column-is-layout-flow\">\n<h4 class=\"has-text-color wp-block-heading\" style=\"color:#10789a\"><strong>Sommaire<\/strong><\/h4>\n\n\n\n<p class=\"has-text-color\" style=\"color:#ad2753;font-size:12px\"><strong>\u25fc\ufe0e Quelques br\u00e8ves et actualit\u00e9s du Ruth\u00e9nois<\/strong><\/p>\n\n\n\n<p class=\"has-text-color\" style=\"color:#ad2753;font-size:12px;margin-top:-10px\"><strong>\u25fc\ufe0e RENCONTRE : <\/strong><\/p>\n\n\n\n<p style=\"font-size:12px;margin-top:-25px\"><a href=\"https:\/\/www.aveyronline.net\/index.php\/2020\/09\/07\/bertrand-onfray-micropolis-jardin-de-la-biodiversite\/\" data-type=\"post\" data-id=\"1506\">Bertrand ONFRAY<\/a><\/p>\n\n\n\n<p style=\"font-size:12px;margin-top:-25px\"><em>Micropolis, jardin de la biodiversit\u00e9 <\/em><\/p>\n\n\n\n<p class=\"has-text-color\" style=\"color:#ad2753;font-size:12px;margin-top:-10px\"><strong>\u25fc\ufe0e PORTRAIT : <\/strong><\/p>\n\n\n\n<p style=\"font-size:12px;margin-top:-25px\">Ren\u00e9 DURAN<br><em>Pour toujours cheminant<\/em><\/p>\n\n\n\n<p class=\"has-text-color\" style=\"color:#ad2753;font-size:12px;margin-top:-10px\"><strong>\u25fc\ufe0e LE DOSSIER :<\/strong><\/p>\n\n\n\n<p class=\"has-text-color\" style=\"color:#10789a;font-size:14px;max-width:399px;margin-top:-25px\"><strong>LA BIODIVERSIT\u00c9<\/strong><\/p>\n\n\n\n<p class=\"has-text-align-left\" style=\"font-size:12px;margin-top:-25px\">\u25b8 EXEN : l&rsquo;expert de la biodiversit\u00e9 se trouve \u00e0 Vimenet<br>\u25b8 LPO : la protection de la biodiversit\u00e9 dans les airs et sur terre<br>\u25b8 MICROPOLIS : 20 ans d&rsquo;exp\u00e9rience dans la sensibilisation des publics <\/p>\n\n\n\n<p class=\"has-text-color\" style=\"color:#ad2753;font-size:12px;margin-top:-10px\"><strong>\u25fc\ufe0e LA RECETTE DU MOIS<\/strong><\/p>\n\n\n\n<p style=\"font-size:12px;margin-top:-25px\"><strong>CHEESE CAKE AUX FRUITS ROUGES<\/strong><\/p>\n\n\n\n<p class=\"has-text-color\" style=\"color:#ad2753;font-size:12px;margin-top:-10px\"><strong>\u25fc\ufe0e UN NOM&#8230; UN LIEU, UN MONUMENT&#8230;<\/strong><\/p>\n\n\n\n<p style=\"font-size:12px;margin-top:-25px\"><a href=\"https:\/\/www.aveyronline.net\/index.php\/2020\/09\/07\/jean-henri-fabre-un-entomologiste-de-classe-mondiale\/\" data-type=\"post\" data-id=\"1515\">JEAN-HENRI FABRE<\/a><\/p>\n\n\n\n<p class=\"has-text-color\" style=\"color:#ad2753;font-size:12px;margin-top:-10px\"><strong>\u25fc\ufe0e Nos coups de coeurs &amp; bonnes adresses<\/strong><\/p>\n<\/div>\n<\/div>\n\n\n\n<p style=\"font-size:14px\"><strong>Souriez, vous \u00eates masqu\u00e9s !<\/strong><\/p>\n\n\n\n<p style=\"font-size:13px\">Triste et compliqu\u00e9. Tel est le constat. Le monde d\u2019apr\u00e8s, n\u2019est pas, pour l\u2019heure, parsem\u00e9 de fleurs et annonc\u00e9 comme un retour \u00e0 la nature, \u00e0 l\u2019authenticit\u00e9, \u00e0 l\u2019oisivet\u00e9 lettr\u00e9e, mais toujours marqu\u00e9 par le masque. Plus que jamais. Des \u00e9coles aux entreprises. Comme si le vengeur, Dame nature, n\u2019en avait pas fini de montrer \u00e0 l\u2019homme la voie de la sagesse. C\u2019est aussi et surtout le cruel dilemme actuel du capitalisme pris dans l\u2019\u00e9tau de l\u2019\u00e9conomie et du politique. Et les semaines \u00e0 venir seront\u2026riches d\u2019enseignements voire capitaux. Baudelaire parlant de modernit\u00e9, \u00e9voquait l\u2019absence de progr\u00e8s. La r\u00e9alit\u00e9 du XXIe si\u00e8cle lui donne, h\u00e9las pour nous, raison. Tout comme le pensait aussi, avant lui, Montaigne, pour qui tout est cyclique.Comme tout est un \u00e9ternel commencement. Pendant l\u2019\u00e9t\u00e9, il y a eu des \u00e9clairs, des jours de repos, de randonn\u00e9es \u00e0 v\u00e9lo ou \u00e0 pied, histoire de cultiver la biodiversit\u00e9, et de \u00ab port du sourire obligatoire \u00bb pour remonter le moral, lever la t\u00eate, m\u00eame masqu\u00e9e. De toute fa\u00e7on, la vie est un masque. Nous portons un masque dans la vie publique, au sens propre d\u00e9sormais, le vrai visage \u00e9tant notre vie int\u00e9rieure. Car \u00ab le monde entier joue la com\u00e9die \u00bb, nous pr\u00e9venait P\u00e9trone. A force de jouer, le masque s\u2019est coll\u00e9 \u00e0 nos basques. Et le march\u00e9, pas celui des produits frais et locaux, mais celui du mercantilisme, toujours aussi aveugle et vil, joue comme il sp\u00e9cule avec les prix, avec nos vies. Au Portugal, cela vaut le coup (le co\u00fbt donc) d\u2019en commander. Le masque qui n\u2019\u00e9tait pas n\u00e9cessaire quand nous n\u2019en avions pas, est moins cher chez les Lisbo\u00e8tes. L\u2019info est pass\u00e9e. On peut encore s\u2019interroger. Le prix, lui, de la libert\u00e9, s\u2019invite paradoxalement sur les masques. On \u00e9crit par-dessus le fait que l\u2019on soit emp\u00each\u00e9 de parle ou des symboles. Comme on pense finalement au monde d\u2019hier \u00e0 regret. Certains y mettent leur passion pour leur club de foot ou de rugby. J\u2019y inscrirais bien le \u00ab Carpe diem \u00bb d\u2019Horace. Puisque la mort est au bout du chemin, le but est la vie. <br>Souriez, c\u2019est la rentr\u00e9e !<\/p>\n\n\n\n<p class=\"has-text-align-right\" style=\"font-size:13px\"><em>La r\u00e9daction<\/em><\/p>\n\n\n\n<hr class=\"wp-block-separator has-alpha-channel-opacity\"\/>\n\n\n\n<figure class=\"wp-block-image alignright size-full\"><a href=\"https:\/\/www.ruthene-magazine.com\" rel=\"nofollow noopener\" target=\"_blank\"><img decoding=\"async\" width=\"50\" height=\"50\" src=\"https:\/\/www.aveyronline.net\/wp-content\/uploads\/2023\/01\/Icon.png\" alt=\"\" class=\"wp-image-13351\" title=\"\"><\/a><\/figure>\n","protected":false},"excerpt":{"rendered":"<p>Sommaire \u25fc\ufe0e Quelques br\u00e8ves et actualit\u00e9s du Ruth\u00e9nois \u25fc\ufe0e RENCONTRE : Bertrand ONFRAY Micropolis, jardin de la biodiversit\u00e9 \u25fc\ufe0e PORTRAIT : Ren\u00e9 DURANPour toujours cheminant \u25fc\ufe0e LE DOSSIER : LA BIODIVERSIT\u00c9 \u25b8 EXEN : l&rsquo;expert de la biodiversit\u00e9 se trouve \u00e0 Vimenet\u25b8 LPO : la protection de la biodiversit\u00e9 dans les airs et sur terre\u25b8 [&hellip;]<\/p>\n","protected":false},"author":2,"featured_media":13663,"comment_status":"open","ping_status":"open","sticky":false,"template":"","format":"standard","meta":{"footnotes":""},"categories":[1124],"tags":[1125,1172,115,1126,1144],"class_list":["post-13660","post","type-post","status-publish","format-standard","has-post-thumbnail","hentry","category-ruthene","tag-ruthene","tag-1172","tag-biodiversite","tag-magazine","tag-septembre"],"views":28,"_links":{"self":[{"href":"https:\/\/www.aveyronline.net\/index.php\/wp-json\/wp\/v2\/posts\/13660","targetHints":{"allow":["GET"]}}],"collection":[{"href":"https:\/\/www.aveyronline.net\/index.php\/wp-json\/wp\/v2\/posts"}],"about":[{"href":"https:\/\/www.aveyronline.net\/index.php\/wp-json\/wp\/v2\/types\/post"}],"author":[{"embeddable":true,"href":"https:\/\/www.aveyronline.net\/index.php\/wp-json\/wp\/v2\/users\/2"}],"replies":[{"embeddable":true,"href":"https:\/\/www.aveyronline.net\/index.php\/wp-json\/wp\/v2\/comments?post=13660"}],"version-history":[{"count":1,"href":"https:\/\/www.aveyronline.net\/index.php\/wp-json\/wp\/v2\/posts\/13660\/revisions"}],"predecessor-version":[{"id":13664,"href":"https:\/\/www.aveyronline.net\/index.php\/wp-json\/wp\/v2\/posts\/13660\/revisions\/13664"}],"wp:featuredmedia":[{"embeddable":true,"href":"https:\/\/www.aveyronline.net\/index.php\/wp-json\/wp\/v2\/media\/13663"}],"wp:attachment":[{"href":"https:\/\/www.aveyronline.net\/index.php\/wp-json\/wp\/v2\/media?parent=13660"}],"wp:term":[{"taxonomy":"category","embeddable":true,"href":"https:\/\/www.aveyronline.net\/index.php\/wp-json\/wp\/v2\/categories?post=13660"},{"taxonomy":"post_tag","embeddable":true,"href":"https:\/\/www.aveyronline.net\/index.php\/wp-json\/wp\/v2\/tags?post=13660"}],"curies":[{"name":"wp","href":"https:\/\/api.w.org\/{rel}","templated":true}]}}