{"id":14340,"date":"2023-05-14T08:00:47","date_gmt":"2023-05-14T06:00:47","guid":{"rendered":"https:\/\/www.aveyronline.net\/?p=14340"},"modified":"2023-05-12T11:44:29","modified_gmt":"2023-05-12T09:44:29","slug":"amans-joseph-fabre","status":"publish","type":"post","link":"https:\/\/www.aveyronline.net\/index.php\/2023\/05\/14\/amans-joseph-fabre\/","title":{"rendered":"AMANS JOSEPH FABRE <BR> Un homme et une institution au service de l&rsquo;\u00e9ducation et des femmes"},"content":{"rendered":"\n<h4 class=\"wp-block-heading\">Sur le piton, le nom de Amans Joseph Fabre r\u00e9sonne dans tous les t\u00eates. Cet \u00e9crivain, historien et&nbsp;homme politique, n\u00e9 le&nbsp;9&nbsp;d\u00e9cembre&nbsp;1841&nbsp;\u00e0&nbsp;Rodez&nbsp;va laisser son empreinte sur le ruth\u00e9nois.<\/h4>\n\n\n\n<p>Homme de lettres, il r\u00e9ussit avec brio l&rsquo;agr\u00e9gation de philosophie en 1867. Il l&rsquo;enseigna notamment \u00e0 l&rsquo;universit\u00e9 de Bordeaux et au lyc\u00e9e Louis le Grand de Paris. Il publia \u00ab&nbsp;Son cours de philosophie&nbsp;\u00bb dans un ouvrage qui fit pol\u00e9mique. Il s&rsquo;\u00e9tait sp\u00e9cialis\u00e9 dans l&rsquo;histoire de Jeanne d&rsquo;Arc.<\/p>\n\n\n\n<div class=\"wp-block-columns is-layout-flex wp-container-core-columns-is-layout-28f84493 wp-block-columns-is-layout-flex\">\n<div class=\"wp-block-column is-layout-flow wp-block-column-is-layout-flow\">\n<figure class=\"wp-block-image alignleft size-full\"><img fetchpriority=\"high\" decoding=\"async\" width=\"550\" height=\"800\" src=\"https:\/\/www.aveyronline.net\/wp-content\/uploads\/2023\/03\/Portrait-fabre.jpg\" alt=\"\" class=\"wp-image-14344\" title=\"\" srcset=\"https:\/\/www.aveyronline.net\/wp-content\/uploads\/2023\/03\/Portrait-fabre.jpg 550w, https:\/\/www.aveyronline.net\/wp-content\/uploads\/2023\/03\/Portrait-fabre-206x300.jpg 206w, https:\/\/www.aveyronline.net\/wp-content\/uploads\/2023\/03\/Portrait-fabre-289x420.jpg 289w\" sizes=\"(max-width: 550px) 100vw, 550px\" \/><\/figure>\n<\/div>\n\n\n\n<div class=\"wp-block-column is-vertically-aligned-bottom is-layout-flow wp-block-column-is-layout-flow\">\n<p>Il s&rsquo;est fait remarquer par son adaptation et sa traduction en fran\u00e7ais de son proc\u00e8s de r\u00e9habilitation.&nbsp;<\/p>\n\n\n\n<p>Homme politique passionn\u00e9 et progressiste, il fut tour \u00e0 tour d\u00e9put\u00e9 de 1881 \u00e0 1885 et s\u00e9nateur de 1894 \u00e0 1903. Il s&rsquo;est illustr\u00e9 par sa ferveur pour affirmer le r\u00f4le de la femme et l&rsquo;importance de l&rsquo;enseignement secondaire public pour jeunes filles. Il a fait voter au S\u00e9nat, un projet d&rsquo;institution d&rsquo;une f\u00eate annuelle en l&rsquo;honneur de Jeanne d&rsquo;Arc. <br>En 1916, \u00e0 sa mort, il l\u00e8gue \u00e0 la ville de Rodez sa biblioth\u00e8que. Sa volont\u00e9 \u00e9tait d&rsquo;aider les jeunes gens modestes et particuli\u00e8rement les femmes \u00e0 r\u00e9aliser des projets professionnels.<\/p>\n<\/div>\n<\/div>\n\n\n\n<div style=\"height:30px\" aria-hidden=\"true\" class=\"wp-block-spacer\"><\/div>\n\n\n\n<div class=\"wp-block-columns is-layout-flex wp-container-core-columns-is-layout-28f84493 wp-block-columns-is-layout-flex\">\n<div class=\"wp-block-column is-vertically-aligned-bottom is-layout-flow wp-block-column-is-layout-flow\">\n<p>C&rsquo;est sur le boulevard Belle Isle que le coll\u00e8ge Amans Joseph Fabre va \u00e9lire domicile \u00e0 l&#8217;emplacement de l&rsquo;ancien grand s\u00e9minaire.&nbsp;En 1907, suite \u00e0 la loi sur les congr\u00e9gations, les s\u00e9minaristes y sont chass\u00e9s. Les b\u00e2timents servirent au logement des troupes lors de la guerre 14-18. Le conseil municipal de Rodez va donner ce nom au <a href=\"https:\/\/joseph-fabre.mon-ent-occitanie.fr\" target=\"_blank\" data-type=\"URL\" data-id=\"https:\/\/joseph-fabre.mon-ent-occitanie.fr\" rel=\"noreferrer noopener nofollow\">coll\u00e8ge<\/a> public pour fille qui a ouvert ses portes en 1930. En 1968, il devient mixte assurant un cycle d&rsquo;\u00e9tude de la sixi\u00e8me \u00e0 la troisi\u00e8me.<\/p>\n\n\n\n<p>Aujourd&rsquo;hui, dans ce cadre patrimonial, c&rsquo;est pr\u00e8s de 700 \u00e9l\u00e8ves qui foulent cette institution ruth\u00e9noise. Ils sont les nouveaux Joseph Fabre afin de pr\u00e9parer l&rsquo;Aveyron de demain&nbsp;!<\/p>\n<\/div>\n\n\n\n<div class=\"wp-block-column is-layout-flow wp-block-column-is-layout-flow\">\n<figure class=\"wp-block-image alignright size-full\"><img decoding=\"async\" width=\"550\" height=\"800\" src=\"https:\/\/www.aveyronline.net\/wp-content\/uploads\/2023\/03\/Statue-fabre.jpg\" alt=\"\" class=\"wp-image-14348\" title=\"\" srcset=\"https:\/\/www.aveyronline.net\/wp-content\/uploads\/2023\/03\/Statue-fabre.jpg 550w, https:\/\/www.aveyronline.net\/wp-content\/uploads\/2023\/03\/Statue-fabre-206x300.jpg 206w, https:\/\/www.aveyronline.net\/wp-content\/uploads\/2023\/03\/Statue-fabre-289x420.jpg 289w\" sizes=\"(max-width: 550px) 100vw, 550px\" \/><\/figure>\n<\/div>\n<\/div>\n\n\n\n<hr class=\"wp-block-separator has-alpha-channel-opacity\"\/>\n\n\n\n<figure class=\"wp-block-image alignright size-full is-resized\"><a href=\"https:\/\/www.aveyronline.net\/index.php\/2020\/02\/25\/ruthene-19-enseignement\/\"><img decoding=\"async\" src=\"https:\/\/www.aveyronline.net\/wp-content\/uploads\/2023\/01\/Logo-Ruthene.png\" alt=\"\" class=\"wp-image-13350\" width=\"26\" height=\"26\" title=\"\" srcset=\"https:\/\/www.aveyronline.net\/wp-content\/uploads\/2023\/01\/Logo-Ruthene.png 400w, https:\/\/www.aveyronline.net\/wp-content\/uploads\/2023\/01\/Logo-Ruthene-300x300.png 300w, https:\/\/www.aveyronline.net\/wp-content\/uploads\/2023\/01\/Logo-Ruthene-150x150.png 150w, https:\/\/www.aveyronline.net\/wp-content\/uploads\/2023\/01\/Logo-Ruthene-356x364.png 356w\" sizes=\"(max-width: 26px) 100vw, 26px\" \/><\/a><\/figure>\n","protected":false},"excerpt":{"rendered":"<p>Sur le piton, le nom de Amans Joseph Fabre r\u00e9sonne dans tous les t\u00eates. Cet \u00e9crivain, historien et&nbsp;homme politique, n\u00e9 le&nbsp;9&nbsp;d\u00e9cembre&nbsp;1841&nbsp;\u00e0&nbsp;Rodez&nbsp;va laisser son empreinte sur le ruth\u00e9nois. Homme de lettres, il r\u00e9ussit avec brio l&rsquo;agr\u00e9gation de philosophie en 1867. Il l&rsquo;enseigna notamment \u00e0 l&rsquo;universit\u00e9 de Bordeaux et au lyc\u00e9e Louis le Grand de Paris. Il [&hellip;]<\/p>\n","protected":false},"author":2,"featured_media":14830,"comment_status":"open","ping_status":"open","sticky":false,"template":"","format":"standard","meta":{"footnotes":""},"categories":[20],"tags":[155,989,1196,64],"class_list":["post-14340","post","type-post","status-publish","format-standard","has-post-thumbnail","hentry","category-histoire","tag-aveyron","tag-education","tag-fabre","tag-rodez"],"views":455,"_links":{"self":[{"href":"https:\/\/www.aveyronline.net\/index.php\/wp-json\/wp\/v2\/posts\/14340","targetHints":{"allow":["GET"]}}],"collection":[{"href":"https:\/\/www.aveyronline.net\/index.php\/wp-json\/wp\/v2\/posts"}],"about":[{"href":"https:\/\/www.aveyronline.net\/index.php\/wp-json\/wp\/v2\/types\/post"}],"author":[{"embeddable":true,"href":"https:\/\/www.aveyronline.net\/index.php\/wp-json\/wp\/v2\/users\/2"}],"replies":[{"embeddable":true,"href":"https:\/\/www.aveyronline.net\/index.php\/wp-json\/wp\/v2\/comments?post=14340"}],"version-history":[{"count":13,"href":"https:\/\/www.aveyronline.net\/index.php\/wp-json\/wp\/v2\/posts\/14340\/revisions"}],"predecessor-version":[{"id":15982,"href":"https:\/\/www.aveyronline.net\/index.php\/wp-json\/wp\/v2\/posts\/14340\/revisions\/15982"}],"wp:featuredmedia":[{"embeddable":true,"href":"https:\/\/www.aveyronline.net\/index.php\/wp-json\/wp\/v2\/media\/14830"}],"wp:attachment":[{"href":"https:\/\/www.aveyronline.net\/index.php\/wp-json\/wp\/v2\/media?parent=14340"}],"wp:term":[{"taxonomy":"category","embeddable":true,"href":"https:\/\/www.aveyronline.net\/index.php\/wp-json\/wp\/v2\/categories?post=14340"},{"taxonomy":"post_tag","embeddable":true,"href":"https:\/\/www.aveyronline.net\/index.php\/wp-json\/wp\/v2\/tags?post=14340"}],"curies":[{"name":"wp","href":"https:\/\/api.w.org\/{rel}","templated":true}]}}