{"id":1498,"date":"2020-11-07T12:42:20","date_gmt":"2020-11-07T11:42:20","guid":{"rendered":"https:\/\/www.aveyronline.net\/?p=1498"},"modified":"2023-01-25T10:45:36","modified_gmt":"2023-01-25T09:45:36","slug":"jhm","status":"publish","type":"post","link":"https:\/\/www.aveyronline.net\/index.php\/2020\/11\/07\/jhm\/","title":{"rendered":"Jean-Henri MEUNIER <br>Le maquisard du 7\u00e8me Art"},"content":{"rendered":"\n<figure class=\"wp-block-image size-large\"><img fetchpriority=\"high\" decoding=\"async\" width=\"1024\" height=\"719\" src=\"https:\/\/www.aveyronline.net\/wp-content\/uploads\/2020\/11\/JHM01-1024x719.jpg\" alt=\"\" class=\"wp-image-1503\" title=\"\" srcset=\"https:\/\/www.aveyronline.net\/wp-content\/uploads\/2020\/11\/JHM01-1024x719.jpg 1024w, https:\/\/www.aveyronline.net\/wp-content\/uploads\/2020\/11\/JHM01-300x211.jpg 300w, https:\/\/www.aveyronline.net\/wp-content\/uploads\/2020\/11\/JHM01-768x540.jpg 768w, https:\/\/www.aveyronline.net\/wp-content\/uploads\/2020\/11\/JHM01.jpg 1200w\" sizes=\"(max-width: 1024px) 100vw, 1024px\" \/><\/figure>\n\n\n\n<p>Nous sommes en terres najacoises, mais les habitants de Sourbins qualifient l\u2019endroit de \u00ab <em>commune libre <\/em>\u00bb. Il y pousse des yourtes, d\u2019anciennes porcheries y ont \u00e9t\u00e9 r\u00e9am\u00e9nag\u00e9es en habitations, on y pr\u00eate une vie culturelle\u2026 Parmi l\u2019enchev\u00eatrement de petites routes qui y serpentent, un chemin caboss\u00e9 s\u2019\u00e9chappe au pied de la maison du maire de Najac pour s\u2019enfoncer parmis les champs et les bois. Au bout, nous arrivons au Pontal, une propri\u00e9t\u00e9 perdue rachet\u00e9e quelques ann\u00e9es plus t\u00f4t \u00e0 des Anglais par le cin\u00e9aste Jean-Henri Meunier, avec quelques amis. Plut\u00f4t que Paris ou Toulouse, ce sont les terres najacoises qui lui parlent plus, et qu\u2019il raconte le plus. Parmi les pr\u00e8s de 25 films qu\u2019il a tourn\u00e9s en tout autant d\u2019ann\u00e9es, depuis 1975 et \u00ab<em> L\u2019adieu nu <\/em>\u00bb, avec Maria Casar\u00e8s et feu Michael Lonsdale, les Aveyronnais se souviennent de la fameuse Trilogie najacoise, dont le troisi\u00e8me volet fut m\u00eame pr\u00e9sent\u00e9 \u00e0 Cannes. Mais plus encore que les strass et les paillettes du 7e art, \u00ab JH \u00bb Meunier pr\u00e9f\u00e8re la simple malice et l\u2019humanit\u00e9 de ses acteurs locaux.<\/p>\n\n\n\n<p>Et c\u2019est au fond des bois que son cin\u00e9ma s\u2019\u00e9gr\u00e8ne, aujourd\u2019hui plus que jamais en maquisard. Il s\u2019y voit contraint aussi par un \u00e9tat de sant\u00e9 capricieux. \u00ab<em> En 2016,<\/em> dit-il, <em>ma vie a bascul\u00e9 dans un accident de mobylette. <\/em>\u00bb Plusieurs c\u00f4tes fractur\u00e9es plus la clavicule, mais surtout, les m\u00e9decins lui font savoir environ un an plus tard que son coeur ne fonctionne d\u00e9sormais qu\u2019\u00e0 30 % de ses capacit\u00e9s.<\/p>\n\n\n\n<p>Mais pour autant, Meunier ne va pas dormir dans son maquis. Et les films s\u2019encha\u00eenent. Avec \u00ab<em> Sad hill \u00bb<\/em> sorti en 2017, un hommage au film \u00ab Le bon, la brute et le truand \u00bb tourn\u00e9 en 2015 en Espagne sur les lieux du tournage de ce western-monument. Suivra \u00ab<em> LSD <\/em>\u00bb (pour \u00ab Lente s\u00e9paration douloureuse \u00bb) l\u2019ann\u00e9e suivante, puis \u00ab<em> Tous ensemble <\/em>\u00bb en 2019, et cette ann\u00e9e \u00ab<em> La t\u00eate cachetonn\u00e9e <\/em>\u00bb, sorti \u00ab en avant-premi\u00e8re mondiale et plan\u00e9taire \u00bb le 15 juillet dernier au camping des Etoiles voisin, en attendant \u00ab<em> Nif Naf <\/em>\u00bb, tourn\u00e9 qu\u2019avec des actrices.<\/p>\n\n\n\n<p>Les h\u00e9ros de ses films ? Ce sont des connaissances qui sont venus le voir en lui disant <em>\u00ab tu ne veux pas tourner un film sur moi ? \u00bb<\/em> Pour \u00ab<em> LSD <\/em>\u00bb, c\u2019est Jean-Do Bernard, un ami biographe de Neil Young, pour \u00ab<em> Tous ensemble <\/em>\u00bb, c\u2019est&nbsp; un gar\u00e7on trisomique qui lui demande : <em>\u00ab Je voudrais entrer dans la peau d\u2019un acteur. Comment je fais ? \u00bb<\/em>. Et pour \u00ab<em> La t\u00eate cachetonn\u00e9e <\/em>\u00bb, c\u2019est Charlie, un autre jeune qui a <em>\u00ab p\u00e9t\u00e9 les plombs suite \u00e0 une histoire d\u2019amour \u00bb<\/em> et qui a suivi diverses cures m\u00e9dicamenteuses qui l\u2019ont laiss\u00e9 exangue, Ou presque. <em>\u00ab Tout est li\u00e9 chez moi, la vie et les films \u00bb<\/em>, dit Jean-Henri.<\/p>\n\n\n\n<figure class=\"wp-block-embed-vimeo aligncenter wp-block-embed is-type-video is-provider-vimeo wp-embed-aspect-16-9 wp-has-aspect-ratio\"><div class=\"wp-block-embed__wrapper\">\n<iframe title=\"TEASER  LA T\u00caTE CACHETONN\u00c9E  V1\" src=\"https:\/\/player.vimeo.com\/video\/424340346?dnt=1&amp;app_id=122963\" width=\"800\" height=\"450\" frameborder=\"0\" allow=\"autoplay; fullscreen; picture-in-picture; clipboard-write\"><\/iframe>\n<\/div><\/figure>\n\n\n\n<p>Quant au Pontal c\u2019est devenu le studio d\u2019Hollywood de JH : les acteurs et actrices viennent y tourner, ainsi que les musiciens, comme R-Wan ou encore Lionel Suarez, qui a sign\u00e9 la musique de \u00ab<em> La t\u00eate cachetonn\u00e9e <\/em>\u00bb. Et le tout, pour un budget qui ne d\u00e9passe pas les 1500 euros, est bluffant. Parce que ce qu\u2019aime par dessus tout JH, c\u2019est le montage. <em>\u00ab Je peux passer 15 heures par jour \u00e0 monter, je suis fan. Mais la promo, \u00e7a me fatigue. Je n\u2019ai plus beaucoup de temps \u00e0 vivre, je pr\u00e9f\u00e8re faire ce que j\u2019aime. Si mes films doivent vivre, ils vivront. \u00bb<\/em><\/p>\n\n\n\n<p>Aussi, il propose ses films en lecture gratuite sur Vim\u00e9o. Chaque jour, 30 \u00e0 40 personnes visionnent ses films. Pendant le confinement, c\u2019\u00e9tait dix fois plus. \u00ab<em> Et c\u2019est vu dans 150 pays, m\u00eame le Vatican ! <\/em>\u00bb<\/p>\n\n\n\n<p>Allo Saint-Pierre ? Ici Najac : depuis son maquis du Pontal, pour Jean-Henri Meunier, c\u2019est la vie comme elle va, comme il en a toujours \u00e9t\u00e9 pour lui, toujours en images, toujours en histoires, et o\u00f9 le r\u00e9el garde sa part de r\u00eave et de po\u00e9sie.<\/p>\n\n\n\n<p class=\"has-text-align-right\"><strong>Laurent ROUSTAN<\/strong><\/p>\n\n\n\n<p>Sa chaine Vimeo : <a href=\"https:\/\/vimeo.com\/jeanhenrimeunier\" target=\"_blank\" aria-label=\"cliquez-ici (opens in a new tab)\" rel=\"noreferrer noopener nofollow\" class=\"rank-math-link\">cliquez-ici<\/a> <\/p>\n\n\n\n<p><\/p>\n","protected":false},"excerpt":{"rendered":"<p>Nous sommes en terres najacoises, mais les habitants de Sourbins qualifient l\u2019endroit de \u00ab commune libre \u00bb. Il y pousse des yourtes, d\u2019anciennes porcheries y ont \u00e9t\u00e9 r\u00e9am\u00e9nag\u00e9es en habitations, on y pr\u00eate une vie culturelle\u2026 Parmi l\u2019enchev\u00eatrement de petites routes qui y serpentent, un chemin caboss\u00e9 s\u2019\u00e9chappe au pied de la maison du maire [&hellip;]<\/p>\n","protected":false},"author":2,"featured_media":1503,"comment_status":"open","ping_status":"open","sticky":false,"template":"","format":"standard","meta":{"footnotes":""},"categories":[16,31],"tags":[67,268,269,270],"class_list":["post-1498","post","type-post","status-publish","format-standard","has-post-thumbnail","hentry","category-culture","category-se-detendre","tag-cinema","tag-independant","tag-meunier","tag-najac"],"views":175,"_links":{"self":[{"href":"https:\/\/www.aveyronline.net\/index.php\/wp-json\/wp\/v2\/posts\/1498","targetHints":{"allow":["GET"]}}],"collection":[{"href":"https:\/\/www.aveyronline.net\/index.php\/wp-json\/wp\/v2\/posts"}],"about":[{"href":"https:\/\/www.aveyronline.net\/index.php\/wp-json\/wp\/v2\/types\/post"}],"author":[{"embeddable":true,"href":"https:\/\/www.aveyronline.net\/index.php\/wp-json\/wp\/v2\/users\/2"}],"replies":[{"embeddable":true,"href":"https:\/\/www.aveyronline.net\/index.php\/wp-json\/wp\/v2\/comments?post=1498"}],"version-history":[{"count":5,"href":"https:\/\/www.aveyronline.net\/index.php\/wp-json\/wp\/v2\/posts\/1498\/revisions"}],"predecessor-version":[{"id":1504,"href":"https:\/\/www.aveyronline.net\/index.php\/wp-json\/wp\/v2\/posts\/1498\/revisions\/1504"}],"wp:featuredmedia":[{"embeddable":true,"href":"https:\/\/www.aveyronline.net\/index.php\/wp-json\/wp\/v2\/media\/1503"}],"wp:attachment":[{"href":"https:\/\/www.aveyronline.net\/index.php\/wp-json\/wp\/v2\/media?parent=1498"}],"wp:term":[{"taxonomy":"category","embeddable":true,"href":"https:\/\/www.aveyronline.net\/index.php\/wp-json\/wp\/v2\/categories?post=1498"},{"taxonomy":"post_tag","embeddable":true,"href":"https:\/\/www.aveyronline.net\/index.php\/wp-json\/wp\/v2\/tags?post=1498"}],"curies":[{"name":"wp","href":"https:\/\/api.w.org\/{rel}","templated":true}]}}