{"id":15304,"date":"2023-04-07T18:00:00","date_gmt":"2023-04-07T16:00:00","guid":{"rendered":"https:\/\/www.aveyronline.net\/?p=15304"},"modified":"2023-03-30T16:58:12","modified_gmt":"2023-03-30T14:58:12","slug":"carladez-sentier","status":"publish","type":"post","link":"https:\/\/www.aveyronline.net\/index.php\/2023\/04\/07\/carladez-sentier\/","title":{"rendered":"Au Carladez, les habitants-cr\u00e9ateurs vous font marcher"},"content":{"rendered":"\n<h4 class=\"wp-block-heading\">Cela fait 23 ans cette ann\u00e9e que les Sentiers de l&rsquo;imaginaire existent. Initi\u00e9e par\u00a0Nadine\u00a0Vignolo, animatrice socioculturelle de la Communaut\u00e9 des communes, elle a f\u00e9d\u00e9r\u00e9 les habitants de six villages du Carladez pour cr\u00e9er des chemins de randonn\u00e9e artistiques, et th\u00e9matiques.\u00a0<\/h4>\n\n\n\n<div style=\"height:30px\" aria-hidden=\"true\" class=\"wp-block-spacer\"><\/div>\n\n\n\n<div class=\"wp-block-columns is-layout-flex wp-container-core-columns-is-layout-28f84493 wp-block-columns-is-layout-flex\">\n<div class=\"wp-block-column is-vertically-aligned-bottom is-layout-flow wp-block-column-is-layout-flow\" style=\"flex-basis:50%\">\n<p>Depuis Brommat, Lacroix-barrez, Mur-de-Barrez, Murols, Taussac et Th\u00e9rondels, six chemins de randonn\u00e9e s&rsquo;\u00e9lancent dans la campagne pour vous plonger dans une campagne r\u00eav\u00e9e, r\u00eaveuse, parlant d&rsquo;eau, de pierre, de feu et de vent, racontant des histoires de magie, de pr\u00e9s et de paysans. Redonnant des couleurs \u00e0 de vieilles b\u00e2tisses, des forges, des moulins.<br><br>\u00ab\u00a0Les habitants ont tout cr\u00e9\u00e9 sous la direction de Nadine\u00a0\u00bb, raconte Marie de l&rsquo;office de tourisme Aubrac Laguiole Carladez-Viad\u00e8ne. Les \u0153uvres artistiques cr\u00e9\u00e9es par les habitants jalonnent la balade, donnant au promeneur un plus qui s&rsquo;associe \u00e0 la simple nature et lui donne un parfum de galerie d&rsquo;art.\u00a0<\/p>\n<\/div>\n\n\n\n<div class=\"wp-block-column is-layout-flow wp-block-column-is-layout-flow\" style=\"flex-basis:50%\">\n<figure class=\"wp-block-image alignright size-full\"><img fetchpriority=\"high\" decoding=\"async\" width=\"550\" height=\"800\" src=\"https:\/\/www.aveyronline.net\/wp-content\/uploads\/2023\/03\/Carladez-06.jpg\" alt=\"Carladez\" class=\"wp-image-15307\" title=\"\" srcset=\"https:\/\/www.aveyronline.net\/wp-content\/uploads\/2023\/03\/Carladez-06.jpg 550w, https:\/\/www.aveyronline.net\/wp-content\/uploads\/2023\/03\/Carladez-06-206x300.jpg 206w, https:\/\/www.aveyronline.net\/wp-content\/uploads\/2023\/03\/Carladez-06-289x420.jpg 289w\" sizes=\"(max-width: 550px) 100vw, 550px\" \/><\/figure>\n<\/div>\n<\/div>\n\n\n\n<p>Chaque ann\u00e9e, des am\u00e9liorations, de nouvelles sculptures ou autres, apparaissent en bord de chemin. Comme pour une d\u00e9couverte perp\u00e9tuelle.<\/p>\n\n\n\n<hr class=\"wp-block-separator has-alpha-channel-opacity\"\/>\n\n\n\n<div class=\"alignnormal\"><div id=\"metaslider-id-15311\" style=\"width: 100%; margin: 0 auto;\" class=\"ml-slider-3-108-0 metaslider metaslider-flex metaslider-15311 ml-slider has-dots-nav has-carousel-mode ms-theme-default\" role=\"region\" aria-label=\"Carladez - Hors les murs\" data-height=\"800\" data-width=\"1200\">\n    <div id=\"metaslider_container_15311\">\n        <div id=\"metaslider_15311\">\n            <ul class='slides'>\n                <li style=\"display: none; width: 100%;\" class=\"slide-15317 ms-image \" aria-roledescription=\"slide\" data-date=\"2023-03-30 16:43:43\" data-filename=\"Carladez-01.jpg\" data-slide-type=\"image\"><img decoding=\"async\" src=\"https:\/\/www.aveyronline.net\/wp-content\/uploads\/2023\/03\/Carladez-01.jpg\" height=\"800\" width=\"1200\" alt=\"\" class=\"slider-15311 slide-15317 msDefaultImage\" title=\"Carladez-01\"><\/li>\n                <li style=\"display: none; width: 100%;\" class=\"slide-15318 ms-image \" aria-roledescription=\"slide\" data-date=\"2023-03-30 16:43:43\" data-filename=\"Carladez-02.jpg\" data-slide-type=\"image\"><img decoding=\"async\" src=\"https:\/\/www.aveyronline.net\/wp-content\/uploads\/2023\/03\/Carladez-02.jpg\" height=\"800\" width=\"1200\" alt=\"\" class=\"slider-15311 slide-15318 msDefaultImage\" title=\"Carladez-02\"><\/li>\n                <li style=\"display: none; width: 100%;\" class=\"slide-15319 ms-image \" aria-roledescription=\"slide\" data-date=\"2023-03-30 16:43:43\" data-filename=\"Carladez-03.jpg\" data-slide-type=\"image\"><img loading=\"lazy\" decoding=\"async\" src=\"https:\/\/www.aveyronline.net\/wp-content\/uploads\/2023\/03\/Carladez-03.jpg\" height=\"800\" width=\"1200\" alt=\"\" class=\"slider-15311 slide-15319 msDefaultImage\" title=\"Carladez-03\"><\/li>\n                <li style=\"display: none; width: 100%;\" class=\"slide-15320 ms-image \" aria-roledescription=\"slide\" data-date=\"2023-03-30 16:43:44\" data-filename=\"Carladez-04.jpg\" data-slide-type=\"image\"><img loading=\"lazy\" decoding=\"async\" src=\"https:\/\/www.aveyronline.net\/wp-content\/uploads\/2023\/03\/Carladez-04.jpg\" height=\"800\" width=\"1200\" alt=\"\" class=\"slider-15311 slide-15320 msDefaultImage\" title=\"Carladez-04\"><\/li>\n                <li style=\"display: none; width: 100%;\" class=\"slide-15321 ms-image \" aria-roledescription=\"slide\" data-date=\"2023-03-30 16:43:44\" data-filename=\"Carladez-07.jpg\" data-slide-type=\"image\"><img loading=\"lazy\" decoding=\"async\" src=\"https:\/\/www.aveyronline.net\/wp-content\/uploads\/2023\/03\/Carladez-07.jpg\" height=\"800\" width=\"1200\" alt=\"\" class=\"slider-15311 slide-15321 msDefaultImage\" title=\"Carladez-07\"><\/li>\n            <\/ul>\n        <\/div>\n        \n    <\/div>\n<\/div><\/div>\n\n\n\n<hr class=\"wp-block-separator has-alpha-channel-opacity\"\/>\n\n\n\n<p class=\"has-text-align-right\">Plus d&rsquo;informations : <a href=\"https:\/\/www.tourisme-en-aubrac.com\/activites-pleines-nature\/randonnees\/les-sentiers-de-limaginaire-avec-les-enfants\/\" target=\"_blank\" data-type=\"URL\" data-id=\"https:\/\/www.tourisme-en-aubrac.com\/activites-pleines-nature\/randonnees\/les-sentiers-de-limaginaire-avec-les-enfants\/\" rel=\"noreferrer noopener nofollow\">cliquez-ici <\/a><\/p>\n\n\n\n<figure class=\"wp-block-image alignright size-full is-resized\"><a href=\"https:\/\/www.aveyronline.net\/index.php\/2021\/06\/30\/ruthene-27-hors-les-murs\/\"><img loading=\"lazy\" decoding=\"async\" src=\"https:\/\/www.aveyronline.net\/wp-content\/uploads\/2023\/01\/Logo-Ruthene.png\" alt=\"\" class=\"wp-image-13350\" width=\"26\" height=\"26\" title=\"\" srcset=\"https:\/\/www.aveyronline.net\/wp-content\/uploads\/2023\/01\/Logo-Ruthene.png 400w, https:\/\/www.aveyronline.net\/wp-content\/uploads\/2023\/01\/Logo-Ruthene-300x300.png 300w, https:\/\/www.aveyronline.net\/wp-content\/uploads\/2023\/01\/Logo-Ruthene-150x150.png 150w, https:\/\/www.aveyronline.net\/wp-content\/uploads\/2023\/01\/Logo-Ruthene-356x364.png 356w\" sizes=\"(max-width: 26px) 100vw, 26px\" \/><\/a><\/figure>\n","protected":false},"excerpt":{"rendered":"<p>Cela fait 23 ans cette ann\u00e9e que les Sentiers de l&rsquo;imaginaire existent. Initi\u00e9e par\u00a0Nadine\u00a0Vignolo, animatrice socioculturelle de la Communaut\u00e9 des communes, elle a f\u00e9d\u00e9r\u00e9 les habitants de six villages du Carladez pour cr\u00e9er des chemins de randonn\u00e9e artistiques, et th\u00e9matiques.\u00a0 Depuis Brommat, Lacroix-barrez, Mur-de-Barrez, Murols, Taussac et Th\u00e9rondels, six chemins de randonn\u00e9e s&rsquo;\u00e9lancent dans la [&hellip;]<\/p>\n","protected":false},"author":2,"featured_media":15305,"comment_status":"open","ping_status":"open","sticky":false,"template":"","format":"standard","meta":{"footnotes":""},"categories":[25,27],"tags":[155,35,577,1270],"class_list":["post-15304","post","type-post","status-publish","format-standard","has-post-thumbnail","hentry","category-idees-dactivites","category-les-grands-espaces","tag-aveyron","tag-aubrac","tag-carladez","tag-sentier"],"views":128,"_links":{"self":[{"href":"https:\/\/www.aveyronline.net\/index.php\/wp-json\/wp\/v2\/posts\/15304","targetHints":{"allow":["GET"]}}],"collection":[{"href":"https:\/\/www.aveyronline.net\/index.php\/wp-json\/wp\/v2\/posts"}],"about":[{"href":"https:\/\/www.aveyronline.net\/index.php\/wp-json\/wp\/v2\/types\/post"}],"author":[{"embeddable":true,"href":"https:\/\/www.aveyronline.net\/index.php\/wp-json\/wp\/v2\/users\/2"}],"replies":[{"embeddable":true,"href":"https:\/\/www.aveyronline.net\/index.php\/wp-json\/wp\/v2\/comments?post=15304"}],"version-history":[{"count":8,"href":"https:\/\/www.aveyronline.net\/index.php\/wp-json\/wp\/v2\/posts\/15304\/revisions"}],"predecessor-version":[{"id":15326,"href":"https:\/\/www.aveyronline.net\/index.php\/wp-json\/wp\/v2\/posts\/15304\/revisions\/15326"}],"wp:featuredmedia":[{"embeddable":true,"href":"https:\/\/www.aveyronline.net\/index.php\/wp-json\/wp\/v2\/media\/15305"}],"wp:attachment":[{"href":"https:\/\/www.aveyronline.net\/index.php\/wp-json\/wp\/v2\/media?parent=15304"}],"wp:term":[{"taxonomy":"category","embeddable":true,"href":"https:\/\/www.aveyronline.net\/index.php\/wp-json\/wp\/v2\/categories?post=15304"},{"taxonomy":"post_tag","embeddable":true,"href":"https:\/\/www.aveyronline.net\/index.php\/wp-json\/wp\/v2\/tags?post=15304"}],"curies":[{"name":"wp","href":"https:\/\/api.w.org\/{rel}","templated":true}]}}