{"id":15489,"date":"2018-10-01T10:08:00","date_gmt":"2018-10-01T08:08:00","guid":{"rendered":"https:\/\/www.aveyronline.net\/?p=15489"},"modified":"2023-04-12T10:10:43","modified_gmt":"2023-04-12T08:10:43","slug":"jean-cazelles-photofolies","status":"publish","type":"post","link":"https:\/\/www.aveyronline.net\/index.php\/2018\/10\/01\/jean-cazelles-photofolies\/","title":{"rendered":"JEAN CAZELLES <BR>Une id\u00e9e folle qui f\u00eate ses 30 ans"},"content":{"rendered":"\n<h4 class=\"wp-block-heading\"><strong>En 1988, Jean Cazelles propose de cr\u00e9er un festival de photo \u00e0 Rodez. Ambition \u00e9norme, id\u00e9e jet\u00e9e comme on lance une bouteille \u00e0 la mer. Et qui vogue encore.<\/strong><\/h4>\n\n\n\n<figure class=\"wp-block-image size-large\"><img fetchpriority=\"high\" decoding=\"async\" width=\"1024\" height=\"683\" src=\"https:\/\/www.aveyronline.net\/wp-content\/uploads\/2023\/04\/Cazelles-1024x683.jpg\" alt=\"\" class=\"wp-image-15493\" title=\"\" srcset=\"https:\/\/www.aveyronline.net\/wp-content\/uploads\/2023\/04\/Cazelles-1024x683.jpg 1024w, https:\/\/www.aveyronline.net\/wp-content\/uploads\/2023\/04\/Cazelles-300x200.jpg 300w, https:\/\/www.aveyronline.net\/wp-content\/uploads\/2023\/04\/Cazelles-768x512.jpg 768w, https:\/\/www.aveyronline.net\/wp-content\/uploads\/2023\/04\/Cazelles-696x464.jpg 696w, https:\/\/www.aveyronline.net\/wp-content\/uploads\/2023\/04\/Cazelles-1068x712.jpg 1068w, https:\/\/www.aveyronline.net\/wp-content\/uploads\/2023\/04\/Cazelles-630x420.jpg 630w, https:\/\/www.aveyronline.net\/wp-content\/uploads\/2023\/04\/Cazelles.jpg 1200w\" sizes=\"(max-width: 1024px) 100vw, 1024px\" \/><\/figure>\n\n\n\n<p>A l&rsquo;initiative de Pierre Tomasi, adjoint \u00e0 la culture, et Yves Deniau, conservateur du mus\u00e9e Denys-Puech, une table ronde a r\u00e9uni en janvier 1988 une vingtaine d&rsquo;acteurs de la culture de Rodez afin de rapprocher ces artistes des structures publiques et priv\u00e9es et \u00e9couter leurs suggestions. Jean Cazelles, amateur de photographie en noir et blanc, qui animait l&rsquo;atelier de photo du lyc\u00e9e technique o\u00f9 il enseignait, proposa alors de monter de toute pi\u00e8ce un festival inspir\u00e9 des rencontres d&rsquo;Arles, festival de r\u00e9f\u00e9rence \u00e0 une \u00e9poque qui en comptait peu en province. \u00ab\u00a0Comme \u00e0 Arles, dit Jean Cazelles dont l&rsquo;oeil brille toujours en noir et blanc au souvenir de cet \u00e9pisode, l&rsquo;id\u00e9e \u00e9tait de faire c\u00f4toyer le travail des amateurs et des professionnels.\u00a0\u00bb Cette dualit\u00e9 \u00e9tait logique. \u00ab\u00a0Un amateur devait alors poss\u00e9der des connaissances en optique et en chimie apprises dans les MJC et les clubs photos qui \u00e9taient nombreux. Il fallait ma\u00eetriser la profondeur de champ, le calcul du nombre guide du flash, les caract\u00e9ristiques des diff\u00e9rentes pellicules, la fabrication et l&rsquo;utilisation des chimies au laboratoire, les techniques de masquage etc. On avait d\u00e9j\u00e0 une approche professionnelle de la photo.\u00bb La diff\u00e9rence se faisait ensuite, dans l&rsquo;utilisation des images&#8230; et l&rsquo;affirmation du talent.<\/p>\n\n\n\n<blockquote class=\"wp-block-quote is-layout-flow wp-block-quote-is-layout-flow\">\n<p class=\"has-black-color has-text-color\"><strong>\u00ab\u00a0J&rsquo;\u00e9tais un peu inconscient \u00bb<\/strong><\/p>\n<\/blockquote>\n\n\n\n<p>\u00ab\u00a0Notre ambition \u00e9tait de pr\u00e9senter au cours d&rsquo;un festival les \u0153uvres des Aveyronnais \u00e0 c\u00f4t\u00e9 de celles des porte-drapeaux de la photographie d&rsquo;art.\u00a0Mais imaginer que ces grands noms allaient venir passer quelques jours \u00e0 Rodez, ou qu&rsquo;ils allaient nous pr\u00eater leurs travaux, j&rsquo;avoue que c&rsquo;\u00e9tait un peu inconscient de ma part.\u00a0\u00bb Gr\u00e2ce \u00e0 cette proximit\u00e9 entre amateurs et professionnelles, Jean Cazelle, qui fr\u00e9quentait les Rencontres d&rsquo;Arles depuis leur cr\u00e9ation en 1970, disposait des contacts de quelques uns des plus grands noms de la photographie, le Toulousain Jean Dieuzaide, entre autres, Lucien Clergue et surtout Josef Koudelka. Exil\u00e9 en France apr\u00e8s avoir photographi\u00e9 le printemps de Prague, il va lui faciliter les relations avec les autres membres de l&rsquo;agence Magnum \u00e0 laquelle il appartient et faire conna\u00eetre le projet aupr\u00e8s de ses confr\u00e8res. L&rsquo;association Phofolies 12 est cr\u00e9\u00e9 en juin 1988, le premier festival a lieu la m\u00eame ann\u00e9e. Raymond Depardon en personne vient pr\u00e9senter son travail dans les locaux de l&rsquo;ancienne caserne Burloup en compagnie de deux r\u00e9gionaux de l&rsquo;\u00e9tape qui feront parler d&rsquo;eux quelques ann\u00e9es plus tard\u00a0:\u00a0Marie P\u00e9rennou et\u00a0Claude Nuridsany.<\/p>\n\n\n\n<h5 class=\"wp-block-heading\"><strong>LA DIMENSION NATIONALE<\/strong><\/h5>\n\n\n\n<div class=\"wp-block-columns is-layout-flex wp-container-core-columns-is-layout-28f84493 wp-block-columns-is-layout-flex\">\n<div class=\"wp-block-column is-layout-flow wp-block-column-is-layout-flow\" style=\"flex-basis:66.66%\">\n<p>Les ann\u00e9es suivantes ce sera au tour de Lucien Clergue, Marc Heller, Jean-Lou Sieff&#8230; de prendre la route du piton. Jean Dieuzaide s&rsquo;enthousiasme, \u00e9crit sur ce festival n\u00e9 de la volont\u00e9 d&rsquo;une poign\u00e9e d&rsquo;Aveyronnais. Cela remonte jusqu&rsquo;au ministre de la Culture, Jack Lang, qui cherche \u00e0 cr\u00e9er une \u00ab\u00a0F\u00eate de la photo\u00a0\u00bb nationale comme il l&rsquo;avait fait de la f\u00eate de la musique. En 1992 se produit alors une \u00e9tonnante r\u00e9cup\u00e9ration du nom \u00ab\u00a0Photofolie\u00a0\u00bb (sans S) pour d\u00e9signer plusieurs festivals du m\u00eame type dans plusieurs ville fran\u00e7aises. \u00ab\u00a0Nous avons d\u00e9couvert l&rsquo;information dans un journal dit Jean Cazelles&#8230; J&rsquo;ai fait valoir avec la Ville que Photofolies nous appartenait, notre requ\u00eate a \u00e9t\u00e9 entendue par le Centre national de la Photographie. En guise de d\u00e9dommagement le CNAP nous a offert, chaque ann\u00e9e, une exposition de grande valeur, livr\u00e9e toute encadr\u00e9e, qui a fait beaucoup pour la r\u00e9putation du festival. D&rsquo;une certaine fa\u00e7on, c&rsquo;\u00e9tait aussi la reconnaissance que la province pouvait avoir des id\u00e9es&#8230;\u00bb<\/p>\n<\/div>\n\n\n\n<div class=\"wp-block-column is-vertically-aligned-center is-layout-flow wp-block-column-is-layout-flow\" style=\"flex-basis:33.33%\">\n<figure class=\"wp-block-image size-large\"><img decoding=\"async\" width=\"1024\" height=\"683\" src=\"https:\/\/www.aveyronline.net\/wp-content\/uploads\/2023\/04\/Cazelles-02-1024x683.jpg\" alt=\"\" class=\"wp-image-15494\" title=\"\" srcset=\"https:\/\/www.aveyronline.net\/wp-content\/uploads\/2023\/04\/Cazelles-02-1024x683.jpg 1024w, https:\/\/www.aveyronline.net\/wp-content\/uploads\/2023\/04\/Cazelles-02-300x200.jpg 300w, https:\/\/www.aveyronline.net\/wp-content\/uploads\/2023\/04\/Cazelles-02-768x512.jpg 768w, https:\/\/www.aveyronline.net\/wp-content\/uploads\/2023\/04\/Cazelles-02-696x464.jpg 696w, https:\/\/www.aveyronline.net\/wp-content\/uploads\/2023\/04\/Cazelles-02-1068x712.jpg 1068w, https:\/\/www.aveyronline.net\/wp-content\/uploads\/2023\/04\/Cazelles-02-630x420.jpg 630w, https:\/\/www.aveyronline.net\/wp-content\/uploads\/2023\/04\/Cazelles-02.jpg 1200w\" sizes=\"(max-width: 1024px) 100vw, 1024px\" \/><figcaption class=\"wp-element-caption\">Premi\u00e8re \u00e9dition de PHOTOfolies aux Casernes Burloup<\/figcaption><\/figure>\n\n\n\n<div style=\"height:30px\" aria-hidden=\"true\" class=\"wp-block-spacer\"><\/div>\n\n\n\n<figure class=\"wp-block-image size-large\"><a href=\"http:\/\/cazelles.jean.monsite-orange.fr\" target=\"_blank\" rel=\"noreferrer noopener nofollow\"><img decoding=\"async\" width=\"1024\" height=\"683\" src=\"https:\/\/www.aveyronline.net\/wp-content\/uploads\/2023\/04\/Cazelles-01-1024x683.jpg\" alt=\"\" class=\"wp-image-15495\" title=\"\" srcset=\"https:\/\/www.aveyronline.net\/wp-content\/uploads\/2023\/04\/Cazelles-01-1024x683.jpg 1024w, https:\/\/www.aveyronline.net\/wp-content\/uploads\/2023\/04\/Cazelles-01-300x200.jpg 300w, https:\/\/www.aveyronline.net\/wp-content\/uploads\/2023\/04\/Cazelles-01-768x512.jpg 768w, https:\/\/www.aveyronline.net\/wp-content\/uploads\/2023\/04\/Cazelles-01-696x464.jpg 696w, https:\/\/www.aveyronline.net\/wp-content\/uploads\/2023\/04\/Cazelles-01-1068x712.jpg 1068w, https:\/\/www.aveyronline.net\/wp-content\/uploads\/2023\/04\/Cazelles-01-630x420.jpg 630w, https:\/\/www.aveyronline.net\/wp-content\/uploads\/2023\/04\/Cazelles-01.jpg 1200w\" sizes=\"(max-width: 1024px) 100vw, 1024px\" \/><\/a><\/figure>\n<\/div>\n<\/div>\n\n\n\n<p>Les grands noms de l&rsquo;art photographique font d\u00e9couvrir leur travail argentique en noir et blanc, signature de Photofolies\u00a0: Sebastio Salgado, Josef Koudelka, Don McCullin, Denis Roche, le studio Harcourt&#8230; \u00abNous avons partag\u00e9 des milliers de photos et d&rsquo;anecdotes, dit Jean Cazelles. Pour la 7eme \u00e9dition j&rsquo;ai compt\u00e9 700 photos&#8230;\u00a0J&rsquo;y ai vu un signe.\u00bb<\/p>\n\n\n\n<div class=\"wp-block-columns is-layout-flex wp-container-core-columns-is-layout-28f84493 wp-block-columns-is-layout-flex\">\n<div class=\"wp-block-column is-layout-flow wp-block-column-is-layout-flow\">\n<p>En 2015, Sylvain Lagarde \u00e0 succ\u00e9d\u00e9 \u00e0 Jean Cazelles \u00e0 la pr\u00e9sidence de l&rsquo;association. Ce dernier continue de regarder pousser ce rejeton condamn\u00e9 \u00e0 plusieurs reprises d&rsquo;un oeil paternel et \u00e9tonn\u00e9. \u00ab\u00a0Franchement, si on m&rsquo;avait dit que l&rsquo;on atteindrait le cap des 30 ans je ne l&rsquo;aurais pas cru. On a pens\u00e9 que le num\u00e9rique allait tuer l&rsquo;argentique \u2013 et Photofolies avec \u2013 il n&rsquo;en est rien. L&rsquo;argentique garde ses adeptes, \u00e7a ne signifie pas que le num\u00e9rique est meilleur ou moins bon, c&rsquo;est seulement une autre fa\u00e7on de s&rsquo;exprimer&#8230; Mais on apprend encore beaucoup de la photo argentique. La photographie est plus que jamais plurielle, il faut s&rsquo;en r\u00e9jouir&#8230; Prendre des photos c&rsquo;est bien\u00a0; le grand plaisir c&rsquo;est quand m\u00eame de les donner \u00e0 voir.\u00a0\u00bb<\/p>\n\n\n\n<hr class=\"wp-block-separator has-alpha-channel-opacity\"\/>\n<\/div>\n<\/div>\n\n\n\n<figure class=\"wp-block-image alignright size-full is-resized\"><a href=\"https:\/\/www.aveyronline.net\/index.php\/2018\/10\/27\/ruthene-6-arts-villes\/\"><img loading=\"lazy\" decoding=\"async\" src=\"https:\/\/www.aveyronline.net\/wp-content\/uploads\/2023\/01\/Logo-Ruthene.png\" alt=\"\" class=\"wp-image-13350\" width=\"30\" height=\"30\" title=\"\" srcset=\"https:\/\/www.aveyronline.net\/wp-content\/uploads\/2023\/01\/Logo-Ruthene.png 400w, https:\/\/www.aveyronline.net\/wp-content\/uploads\/2023\/01\/Logo-Ruthene-300x300.png 300w, https:\/\/www.aveyronline.net\/wp-content\/uploads\/2023\/01\/Logo-Ruthene-150x150.png 150w, https:\/\/www.aveyronline.net\/wp-content\/uploads\/2023\/01\/Logo-Ruthene-356x364.png 356w\" sizes=\"(max-width: 30px) 100vw, 30px\" \/><\/a><\/figure>\n","protected":false},"excerpt":{"rendered":"<p>En 1988, Jean Cazelles propose de cr\u00e9er un festival de photo \u00e0 Rodez. Ambition \u00e9norme, id\u00e9e jet\u00e9e comme on lance une bouteille \u00e0 la mer. Et qui vogue encore. A l&rsquo;initiative de Pierre Tomasi, adjoint \u00e0 la culture, et Yves Deniau, conservateur du mus\u00e9e Denys-Puech, une table ronde a r\u00e9uni en janvier 1988 une vingtaine [&hellip;]<\/p>\n","protected":false},"author":2,"featured_media":15493,"comment_status":"open","ping_status":"open","sticky":false,"template":"","format":"standard","meta":{"footnotes":""},"categories":[16,30,24],"tags":[155,1287,1286,389,64],"class_list":["post-15489","post","type-post","status-publish","format-standard","has-post-thumbnail","hentry","category-culture","category-les-festivals","category-les-rendez-vous","tag-aveyron","tag-cazelles","tag-photofolies","tag-photographie","tag-rodez"],"views":68,"_links":{"self":[{"href":"https:\/\/www.aveyronline.net\/index.php\/wp-json\/wp\/v2\/posts\/15489","targetHints":{"allow":["GET"]}}],"collection":[{"href":"https:\/\/www.aveyronline.net\/index.php\/wp-json\/wp\/v2\/posts"}],"about":[{"href":"https:\/\/www.aveyronline.net\/index.php\/wp-json\/wp\/v2\/types\/post"}],"author":[{"embeddable":true,"href":"https:\/\/www.aveyronline.net\/index.php\/wp-json\/wp\/v2\/users\/2"}],"replies":[{"embeddable":true,"href":"https:\/\/www.aveyronline.net\/index.php\/wp-json\/wp\/v2\/comments?post=15489"}],"version-history":[{"count":7,"href":"https:\/\/www.aveyronline.net\/index.php\/wp-json\/wp\/v2\/posts\/15489\/revisions"}],"predecessor-version":[{"id":15503,"href":"https:\/\/www.aveyronline.net\/index.php\/wp-json\/wp\/v2\/posts\/15489\/revisions\/15503"}],"wp:featuredmedia":[{"embeddable":true,"href":"https:\/\/www.aveyronline.net\/index.php\/wp-json\/wp\/v2\/media\/15493"}],"wp:attachment":[{"href":"https:\/\/www.aveyronline.net\/index.php\/wp-json\/wp\/v2\/media?parent=15489"}],"wp:term":[{"taxonomy":"category","embeddable":true,"href":"https:\/\/www.aveyronline.net\/index.php\/wp-json\/wp\/v2\/categories?post=15489"},{"taxonomy":"post_tag","embeddable":true,"href":"https:\/\/www.aveyronline.net\/index.php\/wp-json\/wp\/v2\/tags?post=15489"}],"curies":[{"name":"wp","href":"https:\/\/api.w.org\/{rel}","templated":true}]}}