{"id":16276,"date":"2023-06-09T16:03:55","date_gmt":"2023-06-09T14:03:55","guid":{"rendered":"https:\/\/www.aveyronline.net\/?p=16276"},"modified":"2023-06-21T15:11:48","modified_gmt":"2023-06-21T13:11:48","slug":"correcteur-etat-fonction","status":"publish","type":"post","link":"https:\/\/www.aveyronline.net\/index.php\/2023\/06\/09\/correcteur-etat-fonction\/","title":{"rendered":"Correcteur d\u2019Etat Fonctionnel\u00a0?&#8230; Qu\u00e9saco\u00a0?&#8230;"},"content":{"rendered":"\n<h4 class=\"wp-block-heading\">Un <strong>correcteur d\u2019\u00e9tat fonctionnel<\/strong> (ou <strong>CEF<\/strong>) est un <strong>outil de sant\u00e9 holistique et de bien-\u00eatre<\/strong>  con\u00e7u et r\u00e9alis\u00e9 par le Pr Koltsov. Commercialis\u00e9 en RUSSIE depuis 15 ans, ils le sont en France depuis 9 ans par l\u2019interm\u00e9diaire de la Soci\u00e9t\u00e9 fran\u00e7aise <strong>Quant-Essence<\/strong>, dont le si\u00e8ge est situ\u00e9 \u00e0 <strong>Rodez<\/strong>. <\/h4>\n\n\n\n<p>Le principe de fonctionnement d\u2019un CEF repose sur les travaux de Masaru Emoto. Ce scientifique Japonais a rigoureusement d\u00e9montr\u00e9 que l\u2019eau modifie sa structure selon l\u2019information vibratoire qu\u2019elle re\u00e7oit. (Notamment la musique, mais \u00e9galement les pens\u00e9es.) L\u2019eau peut donc \u00ab&nbsp;m\u00e9moriser&nbsp;\u00bb une information. On parle alors d\u2019eau \u00ab&nbsp;inform\u00e9e&nbsp;\u00bb ou encore \u00ab&nbsp;structur\u00e9e&nbsp;\u00bb.<\/p>\n\n\n\n<p>Notre corps \u00e9tant fait \u00e0 plus de 75% d\u2019eau, le Pr Koltsov a imagin\u00e9 qu\u2019une eau \u00ab&nbsp;inform\u00e9e&nbsp;\u00bb judicieusement pouvait agir positivement sur la sant\u00e9 du corps. Il a alors invent\u00e9 un dispositif (les CEFs) pouvant restituer \u00e0 l\u2019eau une information b\u00e9n\u00e9fique \u00e0 la sant\u00e9.<br>Les r\u00e9sultats obtenus depuis 15 ans, dont font preuve les nombreux t\u00e9moignages \u00e9mis par les utilisateurs, d\u00e9montrent l\u2019efficacit\u00e9 de ces CEFs, et des bienfaits qu\u2019ils peuvent apporter au quotidien.<\/p>\n\n\n\n<figure class=\"wp-block-image alignwide size-large\"><img fetchpriority=\"high\" decoding=\"async\" width=\"1024\" height=\"680\" src=\"https:\/\/www.aveyronline.net\/wp-content\/uploads\/2023\/06\/CEF-00-1024x680.jpg\" alt=\"correcteur d&#039;\u00e9tat fonctionnel\" class=\"wp-image-16278\" title=\"\" srcset=\"https:\/\/www.aveyronline.net\/wp-content\/uploads\/2023\/06\/CEF-00-1024x680.jpg 1024w, https:\/\/www.aveyronline.net\/wp-content\/uploads\/2023\/06\/CEF-00-300x199.jpg 300w, https:\/\/www.aveyronline.net\/wp-content\/uploads\/2023\/06\/CEF-00-768x510.jpg 768w, https:\/\/www.aveyronline.net\/wp-content\/uploads\/2023\/06\/CEF-00-1536x1020.jpg 1536w, https:\/\/www.aveyronline.net\/wp-content\/uploads\/2023\/06\/CEF-00-696x462.jpg 696w, https:\/\/www.aveyronline.net\/wp-content\/uploads\/2023\/06\/CEF-00-1068x709.jpg 1068w, https:\/\/www.aveyronline.net\/wp-content\/uploads\/2023\/06\/CEF-00-632x420.jpg 632w, https:\/\/www.aveyronline.net\/wp-content\/uploads\/2023\/06\/CEF-00.jpg 1920w\" sizes=\"(max-width: 1024px) 100vw, 1024px\" \/><\/figure>\n\n\n\n<h4 class=\"wp-block-heading\"><strong>Masaru Emoto&nbsp;ou \u00ab&nbsp;Les messages cach\u00e9s de l\u2019eau.&nbsp;\u00bb<\/strong><\/h4>\n\n\n\n<p>Depuis le Professeur Jacques Benv\u00e9niste, la question de la \u00ab&nbsp;m\u00e9moire de l\u2019eau&nbsp;\u00bb \u00e9tait devenue une question \u00ab&nbsp;scientifique&nbsp;\u00bb et pas seulement une simple rh\u00e9torique motiv\u00e9e par les adeptes de l\u2019hom\u00e9opathie. Avec celle-ci, nous abordons l\u2019id\u00e9e qu\u2019une simple information (Car les dilutions hom\u00e9opathiques sugg\u00e8rent que le nombre de mol\u00e9cules actives dans les granules n\u2019est pas suffisant pour avoir un effet sur le corps.) peut suffire \u00e0 stimuler la physiologie du corps, l\u2019encourageant \u00e0 revenir \u00e0 un \u00e9quilibre favorable \u00e0 sa sant\u00e9.<\/p>\n\n\n\n<p>Les travaux de Masaru Emoto ont d\u00e9montr\u00e9 que l\u2019eau cristallisait diff\u00e9remment selon la vibration \u00e0 laquelle elle \u00e9tait soumise, que cette vibration soit sonore ou \u00e9motionnelle. Ainsi les musiques diffus\u00e9es ou les \u00e9motions manifest\u00e9es pendant le processus de cristallisation de l\u2019eau en flocons de neige, g\u00e9n\u00e9raient des r\u00e9sultats tr\u00e8s diff\u00e9rents, avec la m\u00eame eau et les m\u00eames conditions exp\u00e9rimentales.<\/p>\n\n\n\n<p>Ces exp\u00e9riences d\u00e9montraient donc enfin que l\u2019eau peut \u00ab&nbsp;m\u00e9moriser&nbsp;\u00bb une information \u00e0 travers sa structure physique. Or notre corps est constitu\u00e9 \u00e0 plus de 75% d\u2019eau. Que se passerait il donc si l\u2019on \u00ab&nbsp;informait&nbsp;\u00bb l\u2019eau avec une information favorable \u00e0 la sant\u00e9 du corps humain&nbsp;?<\/p>\n\n\n\n<p>Je me plais \u00e0 imaginer que ce fut ce que se dit le Pr Koltsov il y a une trentaine d\u2019ann\u00e9e&nbsp;&#8230;<\/p>\n\n\n\n<h4 class=\"wp-block-heading\"><strong>Une exp\u00e9rience amusante et tr\u00e8s simple \u00e0 r\u00e9aliser chez soi.<\/strong><\/h4>\n\n\n\n<div class=\"wp-block-columns alignwide is-layout-flex wp-container-core-columns-is-layout-28f84493 wp-block-columns-is-layout-flex\">\n<div class=\"wp-block-column is-vertically-aligned-center has-background is-layout-flow wp-block-column-is-layout-flow\" style=\"background:radial-gradient(rgb(255,255,255) 0%,rgb(190,218,225) 0%,rgb(255,255,255) 0%,rgb(255,255,255) 66%,rgb(190,218,225) 100%);flex-basis:60%\">\n<p class=\"has-text-align-left\">Faire cuire 300g de riz. Une fois cuit, r\u00e9partissez ce riz dans 3 bols identiques. D\u00e9coupez 3 rectangles ou carr\u00e9s de dimensions identiques dans une feuille de papier blanc. Puis pliez ces papiers de la m\u00eame fa\u00e7on.<br>Sur l\u2019un des papiers \u00e9crivez&nbsp;: \u00ab&nbsp;AMOUR&nbsp;\u00bb&nbsp;; sur un autre&nbsp;: \u00ab&nbsp;HAINE&nbsp;\u00bb&nbsp;; et laissez le 3<sup>e<\/sup>&nbsp;vierge.<br>Placez vos 3 bols de riz dans un placard les uns \u00e0 c\u00f4t\u00e9 des autres, et disposez au hasard un de vos papiers sous chacun d\u2019eux.<\/p>\n\n\n\n<p class=\"has-text-align-left\">Laissez passer une dizaine de jours, puis comparez vos bols de riz. Peut-\u00eatre observerez-vous quelque chose de surprenant&nbsp;?&#8230;.<\/p>\n<\/div>\n\n\n\n<div class=\"wp-block-column is-layout-flow wp-block-column-is-layout-flow\" style=\"flex-basis:40%\">\n<figure class=\"wp-block-image alignright size-full\"><img decoding=\"async\" width=\"550\" height=\"800\" src=\"https:\/\/www.aveyronline.net\/wp-content\/uploads\/2023\/06\/CEF-experience.jpg\" alt=\"\" class=\"wp-image-16296\" title=\"\" srcset=\"https:\/\/www.aveyronline.net\/wp-content\/uploads\/2023\/06\/CEF-experience.jpg 550w, https:\/\/www.aveyronline.net\/wp-content\/uploads\/2023\/06\/CEF-experience-206x300.jpg 206w, https:\/\/www.aveyronline.net\/wp-content\/uploads\/2023\/06\/CEF-experience-289x420.jpg 289w\" sizes=\"(max-width: 550px) 100vw, 550px\" \/><\/figure>\n<\/div>\n<\/div>\n\n\n\n<h4 class=\"wp-block-heading\"><strong>Pr. Koltsov&nbsp;: de l\u2019Astronautique Russe aux Correcteurs d\u2019Etat Fonctionnel<\/strong><\/h4>\n\n\n\n<div class=\"wp-block-columns is-layout-flex wp-container-core-columns-is-layout-28f84493 wp-block-columns-is-layout-flex\">\n<div class=\"wp-block-column is-layout-flow wp-block-column-is-layout-flow\">\n<figure class=\"wp-block-image alignleft size-full\"><img decoding=\"async\" width=\"550\" height=\"800\" src=\"https:\/\/www.aveyronline.net\/wp-content\/uploads\/2023\/06\/CEF-03.jpg\" alt=\"\" class=\"wp-image-16281\" title=\"\" srcset=\"https:\/\/www.aveyronline.net\/wp-content\/uploads\/2023\/06\/CEF-03.jpg 550w, https:\/\/www.aveyronline.net\/wp-content\/uploads\/2023\/06\/CEF-03-206x300.jpg 206w, https:\/\/www.aveyronline.net\/wp-content\/uploads\/2023\/06\/CEF-03-289x420.jpg 289w\" sizes=\"(max-width: 550px) 100vw, 550px\" \/><\/figure>\n<\/div>\n\n\n\n<div class=\"wp-block-column is-vertically-aligned-bottom is-layout-flow wp-block-column-is-layout-flow\">\n<p>Le travail de physicien pour l\u2019Astronautique Russe n\u2019est \u00e0 l\u2019\u00e9vidence pas de tout repos. (<a href=\"http:\/\/www.quant-essence.fr\/blog\/post\/interview-de-serguei-koltsov-par-diana-fondatrice-de-quant-essence.html\" data-type=\"URL\" data-id=\"www.quant-essence.fr\/blog\/post\/interview-de-serguei-koltsov-par-diana-fondatrice-de-quant-essence.html\" target=\"_blank\" rel=\"noreferrer noopener nofollow\">cf interview<\/a>)<\/p>\n\n\n\n<p>Arriv\u00e9 \u00e0 la quarantaine et la sant\u00e9 devenue fragile, M. Koltsov d\u00e9couvre les travaux de Masaru Emoto. Il s\u2019int\u00e9resse aussit\u00f4t \u00e0 la g\u00e9obiologie et \u00e0 toutes ces sciences dites alternatives. Sa curiosit\u00e9 est stimul\u00e9e et sa motivation \u00e9norme&nbsp;: pourrait-on am\u00e9liorer la sant\u00e9 humaine gr\u00e2ce \u00e0 de l\u2019eau \u00ab&nbsp;structur\u00e9e&nbsp;\u00bb&nbsp;? En tant que physicien, le d\u00e9fi est motivant \u00e0 relever&nbsp;!<\/p>\n\n\n\n<p>Quelles ann\u00e9es plus tard&nbsp;: c\u2019est fait&nbsp;! Les CEFs sont n\u00e9s&nbsp;! Et les premiers r\u00e9sultats, tr\u00e8s encourageants, arrivent d\u00e9j\u00e0&nbsp;via les t\u00e9moignages des premiers clients.<\/p>\n<\/div>\n<\/div>\n\n\n\n<h4 class=\"wp-block-heading\"><strong>Mais qu\u2019est-ce qu\u2019un CEF&nbsp;?<\/strong><\/h4>\n\n\n\n<div class=\"wp-block-columns is-layout-flex wp-container-core-columns-is-layout-28f84493 wp-block-columns-is-layout-flex\">\n<div class=\"wp-block-column is-vertically-aligned-bottom is-layout-flow wp-block-column-is-layout-flow\">\n<p>Un CEF a la forme d\u2019une carte de cr\u00e9dit, \u00e9paisse de 3 mms. En r\u00e9sine organique, sa couleur est brun clair. D\u2019un c\u00f4t\u00e9, se distingue des rectangles d\u20191 cm\u00b2 environ, de couleur brun fonc\u00e9&nbsp;: ce sont les \u00ab&nbsp;\u00e9l\u00e9ments actifs&nbsp;\u00bb&nbsp;: parties renfermant les cristaux responsables de l\u2019effet des CEFs.<\/p>\n\n\n\n<p>Ces \u00e9l\u00e9ments actifs ont deux actions. La premi\u00e8re est le filtrage des champs \u00e9lectrique et magn\u00e9tique des ondes \u00e9lectromagn\u00e9tiques. Le premier int\u00e9r\u00eat des CEFs est donc de stopper ces champs physiques perturbateurs pour les personnes dites \u00e9lectro-sensibles. La deuxi\u00e8me action est la polarisation des ondes scalaires.<\/p>\n<\/div>\n\n\n\n<div class=\"wp-block-column is-layout-flow wp-block-column-is-layout-flow\">\n<figure class=\"wp-block-image alignright size-full\"><img loading=\"lazy\" decoding=\"async\" width=\"550\" height=\"800\" src=\"https:\/\/www.aveyronline.net\/wp-content\/uploads\/2023\/06\/CEF-02.jpg\" alt=\"correcteur d&#039;\u00e9tat fonctionnel\" class=\"wp-image-16280\" title=\"\" srcset=\"https:\/\/www.aveyronline.net\/wp-content\/uploads\/2023\/06\/CEF-02.jpg 550w, https:\/\/www.aveyronline.net\/wp-content\/uploads\/2023\/06\/CEF-02-206x300.jpg 206w, https:\/\/www.aveyronline.net\/wp-content\/uploads\/2023\/06\/CEF-02-289x420.jpg 289w\" sizes=\"(max-width: 550px) 100vw, 550px\" \/><\/figure>\n<\/div>\n<\/div>\n\n\n\n<p>Pour les amoureux et amoureuses des sciences, les ondes scalaires sont des ondes longitudinales non vectorielles. Encore \u00e0 l\u2019\u00e9tude par la science dite \u00ab&nbsp;officielle&nbsp;\u00bb, on ne sait pas grand-chose sur ces ondes car il n\u2019existe aucun d\u00e9tecteur d\u2019ondes scalaires \u00e0 ce jour. Mais certaines lectures sugg\u00e8rent que ces ondes pourraient \u00eatre li\u00e9es aux neutrinos, ces particules minuscules pr\u00e9sentes partout dans l\u2019Univers. Imagin\u00e9s en 1930, les neutrinos sont d\u00e9couverts en 1958 par les physiciens \u00e0 leur recherche.<\/p>\n\n\n\n<p>Ainsi, ces ondes scalaires ont la propri\u00e9t\u00e9 de pouvoir \u00eatre polaris\u00e9es par certaines informations, elles-m\u00eames encod\u00e9es dans les cristaux des \u00e9l\u00e9ments actifs. Au contact de l\u2019eau, ces ondes transmettent ces informations \u00e0 cette eau&nbsp;: l\u2019eau d\u2019un verre ou d\u2019une bouteille, ou bien encore l\u2019eau de notre corps. On qualifie alors ces eaux \u00ab&nbsp;d\u2019inform\u00e9es&nbsp;\u00bb car porteuses d\u2019une information, ou encore de \u00ab&nbsp;structur\u00e9es&nbsp;\u00bb car c\u2019est dans le changement de structure de l\u2019eau que se cache l\u2019information.<\/p>\n\n\n\n<h4 class=\"wp-block-heading\"><strong>Et que peut-on en attendre&nbsp;?<\/strong><\/h4>\n\n\n\n<p>Le fabricant pr\u00e9sente ses CEFs sur son site&nbsp;:&nbsp;<a href=\"http:\/\/www.planete-regions.com\/\" rel=\"nofollow noopener\" target=\"_blank\">www.planete-regions.com<\/a>.&nbsp;<\/p>\n\n\n\n<div class=\"wp-block-columns is-layout-flex wp-container-core-columns-is-layout-28f84493 wp-block-columns-is-layout-flex\">\n<div class=\"wp-block-column is-layout-flow wp-block-column-is-layout-flow\">\n<figure class=\"wp-block-image size-full\"><img loading=\"lazy\" decoding=\"async\" width=\"800\" height=\"800\" src=\"https:\/\/www.aveyronline.net\/wp-content\/uploads\/2023\/06\/CEF-01.jpg\" alt=\"correcteur d&#039;\u00e9tat fonctionnel\" class=\"wp-image-16279\" title=\"\" srcset=\"https:\/\/www.aveyronline.net\/wp-content\/uploads\/2023\/06\/CEF-01.jpg 800w, https:\/\/www.aveyronline.net\/wp-content\/uploads\/2023\/06\/CEF-01-300x300.jpg 300w, https:\/\/www.aveyronline.net\/wp-content\/uploads\/2023\/06\/CEF-01-150x150.jpg 150w, https:\/\/www.aveyronline.net\/wp-content\/uploads\/2023\/06\/CEF-01-768x768.jpg 768w, https:\/\/www.aveyronline.net\/wp-content\/uploads\/2023\/06\/CEF-01-696x696.jpg 696w, https:\/\/www.aveyronline.net\/wp-content\/uploads\/2023\/06\/CEF-01-420x420.jpg 420w\" sizes=\"(max-width: 800px) 100vw, 800px\" \/><\/figure>\n<\/div>\n\n\n\n<div class=\"wp-block-column is-layout-flow wp-block-column-is-layout-flow\">\n<p>Pour faire simple, il est possible de les regrouper en 5 cat\u00e9gories&nbsp;: <br>1) les Cefs d\u00e9di\u00e9s \u00e0 la sant\u00e9 du corps&nbsp;; <br>2) ceux d\u00e9di\u00e9s \u00e0 notre mieux-\u00eatre psycho-\u00e9motionnel&nbsp;; <br>3) ceux d\u00e9di\u00e9s \u00e0 notre d\u00e9veloppement personnel et spirituel&nbsp;; <br>4) ceux d\u00e9di\u00e9s \u00e0 am\u00e9liorer notre relation \u00e0 notre environnement mat\u00e9riel&nbsp;; <br>5) enfin les plus nombreux, ceux qui regroupent des indications de 2 ou 3 cat\u00e9gories pr\u00e9c\u00e9dentes.<\/p>\n<\/div>\n<\/div>\n\n\n\n<p>Aussi surprenant que cela puisse para\u00eetre \u00e0 premi\u00e8re vue, depuis 15 ans, les t\u00e9moignages sont \u00e9loquents. Un rapide coup d\u2019\u0153il sur les sites de <a href=\"http:\/\/www.planete-regions.com\/\" target=\"_blank\" data-type=\"URL\" data-id=\"http:\/\/www.planete-regions.com\/\" rel=\"noreferrer noopener nofollow\">planete-r\u00e9gions<\/a> ou de <a href=\"http:\/\/www.quant-essence.fr\/\" target=\"_blank\" data-type=\"URL\" data-id=\"http:\/\/www.quant-essence.fr\/\" rel=\"noreferrer noopener nofollow\">Quant-Essence<\/a> vous en convaincra.<\/p>\n\n\n\n<hr class=\"wp-block-separator has-alpha-channel-opacity\"\/>\n\n\n\n<p>A d\u00e9faut d\u2019\u00eatre \u00ab&nbsp;quantique&nbsp;\u00bb, ces outils rel\u00e8vent \u00e0 l\u2019\u00e9vidence de la physique, et d\u2019une de ces branches encore en devenir.<\/p>\n\n\n\n<p>Ces Correcteurs d\u2019Etat Fonctionnel ont d\u00e9sormais, depuis 15 ans, fait la preuve de leur utilit\u00e9.<\/p>\n\n\n\n<p>Et compte tenu de leur dur\u00e9e de vie tr\u00e8s grande, (\u00e9gale \u00e0 celle des mat\u00e9riaux), et du fait qu&rsquo;ils peuvent \u00eatre utilis\u00e9s par toute la famille, ils repr\u00e9sentent un investissement raisonnable (entre 100 et 139\u20ac).<\/p>\n\n\n\n<p>Un seul hic : leur nombre ! Avec plus de 180 CEFs \u00e0 ce jour, pas toujours facile de faire son choix ! Mais une lecture assidue des indications et recommandations disponibles sur Internet, suivie \u00e9ventuellement d&rsquo;une demande de conseil aupr\u00e8s du revendeur, permet ais\u00e9ment de trouver celui ou ceux qui nous conviennent.<\/p>\n\n\n\n<hr class=\"wp-block-separator has-alpha-channel-opacity\"\/>\n\n\n\n<figure class=\"wp-block-image size-large\"><img loading=\"lazy\" decoding=\"async\" width=\"1024\" height=\"683\" src=\"https:\/\/www.aveyronline.net\/wp-content\/uploads\/2023\/06\/CEF-04-1024x683.jpg\" alt=\"correcteur d&#039;\u00e9tat fonctionnel\" class=\"wp-image-16282\" title=\"\" srcset=\"https:\/\/www.aveyronline.net\/wp-content\/uploads\/2023\/06\/CEF-04-1024x683.jpg 1024w, https:\/\/www.aveyronline.net\/wp-content\/uploads\/2023\/06\/CEF-04-300x200.jpg 300w, https:\/\/www.aveyronline.net\/wp-content\/uploads\/2023\/06\/CEF-04-768x512.jpg 768w, https:\/\/www.aveyronline.net\/wp-content\/uploads\/2023\/06\/CEF-04-696x464.jpg 696w, https:\/\/www.aveyronline.net\/wp-content\/uploads\/2023\/06\/CEF-04-1068x712.jpg 1068w, https:\/\/www.aveyronline.net\/wp-content\/uploads\/2023\/06\/CEF-04-630x420.jpg 630w, https:\/\/www.aveyronline.net\/wp-content\/uploads\/2023\/06\/CEF-04.jpg 1200w\" sizes=\"(max-width: 1024px) 100vw, 1024px\" \/><\/figure>\n\n\n\n<p style=\"font-size:6px\"><em>Ressources et bibliographie<\/em><br><strong>Sur l\u2019Eau<\/strong>&nbsp;:<br>Masaru Emoto&nbsp;: \u00ab&nbsp;Les messages cach\u00e9s&nbsp;de l\u2019eau.&nbsp;\u00bb&nbsp;&nbsp;Editions J\u2019ai Lu. (2014 \u2013 derni\u00e8re r\u00e9\u00e9dition)<br>Pr Marc Henry&nbsp;: \u00ab&nbsp;L\u2019eau et la physique quantique&nbsp;: vers une r\u00e9volution de la m\u00e9decine. \u00bb Editions Dangles. (2016)&nbsp;<br>Yann Olivaux&nbsp;: \u00ab&nbsp;La nature de l\u2019eau.&nbsp;\u00bb Editions R\u00e9surgence. (2007)<br><strong>Sur les CEFs<\/strong>&nbsp;:&nbsp;&nbsp;&nbsp;&nbsp;<a href=\"http:\/\/www.quant-essence.fr\/\" target=\"_blank\" rel=\"noreferrer noopener nofollow\">www.quant-essence.fr<\/a>&nbsp;&nbsp;&nbsp;\/&nbsp;&nbsp;&nbsp;<a href=\"http:\/\/www.planete-regions.com\/\" target=\"_blank\" rel=\"noreferrer noopener nofollow\">www.planete-regions.com<\/a><\/p>\n\n\n\n<div class=\"wp-block-columns is-layout-flex wp-container-core-columns-is-layout-28f84493 wp-block-columns-is-layout-flex\">\n<div class=\"wp-block-column is-layout-flow wp-block-column-is-layout-flow\">\n<figure class=\"wp-block-image size-full\"><a href=\"https:\/\/www.aveyronline.net\/index.php\/category\/mag\/sante-bien-etre\/\"><img loading=\"lazy\" decoding=\"async\" width=\"85\" height=\"85\" src=\"https:\/\/www.aveyronline.net\/wp-content\/uploads\/2023\/03\/Icone-blanc.jpg\" alt=\"\" class=\"wp-image-14524\" title=\"\"><\/a><\/figure>\n<\/div>\n\n\n\n<div class=\"wp-block-column is-layout-flow wp-block-column-is-layout-flow\">\n<figure class=\"wp-block-image aligncenter size-full is-resized\"><a href=\"http:\/\/www.quant-essence.fr\/\" target=\"_blank\" rel=\"noreferrer noopener nofollow\"><img loading=\"lazy\" decoding=\"async\" src=\"https:\/\/www.aveyronline.net\/wp-content\/uploads\/2023\/06\/Logo-Quantessence.png\" alt=\"\" class=\"wp-image-16284\" width=\"100\" height=\"100\" title=\"\" srcset=\"https:\/\/www.aveyronline.net\/wp-content\/uploads\/2023\/06\/Logo-Quantessence.png 400w, https:\/\/www.aveyronline.net\/wp-content\/uploads\/2023\/06\/Logo-Quantessence-300x300.png 300w, https:\/\/www.aveyronline.net\/wp-content\/uploads\/2023\/06\/Logo-Quantessence-150x150.png 150w\" sizes=\"(max-width: 100px) 100vw, 100px\" \/><\/a><\/figure>\n<\/div>\n\n\n\n<div class=\"wp-block-column is-layout-flow wp-block-column-is-layout-flow\">\n<figure class=\"wp-block-image size-full is-resized\"><a href=\"http:\/\/www.planete-regions.com\/\" target=\"_blank\" rel=\"noreferrer noopener nofollow\"><img loading=\"lazy\" decoding=\"async\" src=\"https:\/\/www.aveyronline.net\/wp-content\/uploads\/2023\/06\/Logo-planeteregions-.png\" alt=\"\" class=\"wp-image-16283\" width=\"100\" height=\"100\" title=\"\" srcset=\"https:\/\/www.aveyronline.net\/wp-content\/uploads\/2023\/06\/Logo-planeteregions-.png 400w, https:\/\/www.aveyronline.net\/wp-content\/uploads\/2023\/06\/Logo-planeteregions--300x300.png 300w, https:\/\/www.aveyronline.net\/wp-content\/uploads\/2023\/06\/Logo-planeteregions--150x150.png 150w\" sizes=\"(max-width: 100px) 100vw, 100px\" \/><\/a><\/figure>\n<\/div>\n<\/div>\n","protected":false},"excerpt":{"rendered":"<p>Un correcteur d\u2019\u00e9tat fonctionnel (ou CEF) est un outil de sant\u00e9 holistique et de bien-\u00eatre con\u00e7u et r\u00e9alis\u00e9 par le Pr Koltsov. Commercialis\u00e9 en RUSSIE depuis 15 ans, ils le sont en France depuis 9 ans par l\u2019interm\u00e9diaire de la Soci\u00e9t\u00e9 fran\u00e7aise Quant-Essence, dont le si\u00e8ge est situ\u00e9 \u00e0 Rodez. Le principe de fonctionnement d\u2019un [&hellip;]<\/p>\n","protected":false},"author":9,"featured_media":16278,"comment_status":"open","ping_status":"open","sticky":false,"template":"","format":"standard","meta":{"footnotes":""},"categories":[1134],"tags":[155,1300,71,1299,64,301],"class_list":["post-16276","post","type-post","status-publish","format-standard","has-post-thumbnail","hentry","category-sante-bien-etre","tag-aveyron","tag-cef","tag-eau","tag-quant-essence","tag-rodez","tag-sante"],"views":39,"_links":{"self":[{"href":"https:\/\/www.aveyronline.net\/index.php\/wp-json\/wp\/v2\/posts\/16276","targetHints":{"allow":["GET"]}}],"collection":[{"href":"https:\/\/www.aveyronline.net\/index.php\/wp-json\/wp\/v2\/posts"}],"about":[{"href":"https:\/\/www.aveyronline.net\/index.php\/wp-json\/wp\/v2\/types\/post"}],"author":[{"embeddable":true,"href":"https:\/\/www.aveyronline.net\/index.php\/wp-json\/wp\/v2\/users\/9"}],"replies":[{"embeddable":true,"href":"https:\/\/www.aveyronline.net\/index.php\/wp-json\/wp\/v2\/comments?post=16276"}],"version-history":[{"count":40,"href":"https:\/\/www.aveyronline.net\/index.php\/wp-json\/wp\/v2\/posts\/16276\/revisions"}],"predecessor-version":[{"id":16569,"href":"https:\/\/www.aveyronline.net\/index.php\/wp-json\/wp\/v2\/posts\/16276\/revisions\/16569"}],"wp:featuredmedia":[{"embeddable":true,"href":"https:\/\/www.aveyronline.net\/index.php\/wp-json\/wp\/v2\/media\/16278"}],"wp:attachment":[{"href":"https:\/\/www.aveyronline.net\/index.php\/wp-json\/wp\/v2\/media?parent=16276"}],"wp:term":[{"taxonomy":"category","embeddable":true,"href":"https:\/\/www.aveyronline.net\/index.php\/wp-json\/wp\/v2\/categories?post=16276"},{"taxonomy":"post_tag","embeddable":true,"href":"https:\/\/www.aveyronline.net\/index.php\/wp-json\/wp\/v2\/tags?post=16276"}],"curies":[{"name":"wp","href":"https:\/\/api.w.org\/{rel}","templated":true}]}}