{"id":16486,"date":"2023-06-23T17:30:00","date_gmt":"2023-06-23T15:30:00","guid":{"rendered":"https:\/\/www.aveyronline.net\/?p=16486"},"modified":"2023-07-03T17:17:02","modified_gmt":"2023-07-03T15:17:02","slug":"invisibles-clocher-rodez","status":"publish","type":"post","link":"https:\/\/www.aveyronline.net\/index.php\/2023\/06\/23\/invisibles-clocher-rodez\/","title":{"rendered":"LES INVISIBLES DU CLOCHER <BR>Une exposition pour d\u00e9couvrir la Cath\u00e9drale de Rodez autrement"},"content":{"rendered":"\n<h5 class=\"wp-block-heading\">Ce vendredi 23 juin, Claire MOLINIER, pr\u00e9sidente de l&rsquo;association des Amis de la Cath\u00e9drale de Rodez, inaugure <strong>l&rsquo;exposition <em>Les Invisibles du Clocher<\/em> sur la place de la cit\u00e9 de Rodez <\/strong>aux c\u00f4t\u00e9s d&rsquo;Arnaud VIALA et de Christian TEYSS\u00c8DRE. Cette exposition donne \u00e0 voir quelques-unes des sculptures dont on ne soup\u00e7onne pas m\u00eame l\u2019existence et rend hommage aux mains et aux intelligences qui les ont fa\u00e7onn\u00e9es et les fa\u00e7onnent encore.<\/h5>\n\n\n\n<div style=\"height:30px\" aria-hidden=\"true\" class=\"wp-block-spacer\"><\/div>\n\n\n\n<figure class=\"wp-block-image alignwide size-large\"><img fetchpriority=\"high\" decoding=\"async\" width=\"1024\" height=\"683\" src=\"https:\/\/www.aveyronline.net\/wp-content\/uploads\/2023\/06\/Expo-clocher-1024x683.jpg\" alt=\"\" class=\"wp-image-16606\" title=\"\" srcset=\"https:\/\/www.aveyronline.net\/wp-content\/uploads\/2023\/06\/Expo-clocher-1024x683.jpg 1024w, https:\/\/www.aveyronline.net\/wp-content\/uploads\/2023\/06\/Expo-clocher-300x200.jpg 300w, https:\/\/www.aveyronline.net\/wp-content\/uploads\/2023\/06\/Expo-clocher-768x512.jpg 768w, https:\/\/www.aveyronline.net\/wp-content\/uploads\/2023\/06\/Expo-clocher-696x464.jpg 696w, https:\/\/www.aveyronline.net\/wp-content\/uploads\/2023\/06\/Expo-clocher-1068x712.jpg 1068w, https:\/\/www.aveyronline.net\/wp-content\/uploads\/2023\/06\/Expo-clocher-630x420.jpg 630w, https:\/\/www.aveyronline.net\/wp-content\/uploads\/2023\/06\/Expo-clocher.jpg 1200w\" sizes=\"(max-width: 1024px) 100vw, 1024px\" \/><\/figure>\n\n\n\n<p>Le clocher, comme nulle autre partie de la cath\u00e9drale de Rodez, rec\u00e8le, sur ses quatre faces, un incroyable foisonnement de motifs d\u00e9coratifs o\u00f9 vient s&rsquo;abriter un bestiaire chim\u00e9rique et fantastique. Y cohabitent les repr\u00e9sentants religieux terrestres et c\u00e9lestes, et tout le petit peuple d\u2019en bas, grim\u00e9, moqu\u00e9, sublim\u00e9. Des messages plus ou moins explicites, parfois humoristiques, qui s&rsquo;adressaient \u00e0 des destinataires depuis longtemps rendus \u00e0 la poussi\u00e8re&#8230;<\/p>\n\n\n\n<div class=\"wp-block-columns is-layout-flex wp-container-core-columns-is-layout-28f84493 wp-block-columns-is-layout-flex\">\n<div class=\"wp-block-column is-layout-flow wp-block-column-is-layout-flow\">\n<div class=\"wp-block-columns is-layout-flex wp-container-core-columns-is-layout-28f84493 wp-block-columns-is-layout-flex\">\n<div class=\"wp-block-column is-layout-flow wp-block-column-is-layout-flow\" style=\"flex-basis:25%\"><\/div>\n\n\n\n<div class=\"wp-block-column is-layout-flow wp-block-column-is-layout-flow\">\n<figure class=\"wp-block-image size-large\"><img decoding=\"async\" width=\"1024\" height=\"683\" src=\"https:\/\/www.aveyronline.net\/wp-content\/uploads\/2023\/06\/Clocher-04_Recto-1024x683.jpg\" alt=\"\" class=\"wp-image-16496\" title=\"\" srcset=\"https:\/\/www.aveyronline.net\/wp-content\/uploads\/2023\/06\/Clocher-04_Recto-1024x683.jpg 1024w, https:\/\/www.aveyronline.net\/wp-content\/uploads\/2023\/06\/Clocher-04_Recto-300x200.jpg 300w, https:\/\/www.aveyronline.net\/wp-content\/uploads\/2023\/06\/Clocher-04_Recto-768x512.jpg 768w, https:\/\/www.aveyronline.net\/wp-content\/uploads\/2023\/06\/Clocher-04_Recto-696x464.jpg 696w, https:\/\/www.aveyronline.net\/wp-content\/uploads\/2023\/06\/Clocher-04_Recto-1068x712.jpg 1068w, https:\/\/www.aveyronline.net\/wp-content\/uploads\/2023\/06\/Clocher-04_Recto-630x420.jpg 630w, https:\/\/www.aveyronline.net\/wp-content\/uploads\/2023\/06\/Clocher-04_Recto.jpg 1200w\" sizes=\"(max-width: 1024px) 100vw, 1024px\" \/><figcaption class=\"wp-element-caption\">Livres &amp; \u00c9critures &#8211; Panneau recto<\/figcaption><\/figure>\n<\/div>\n<\/div>\n<\/div>\n\n\n\n<div class=\"wp-block-column is-layout-flow wp-block-column-is-layout-flow\">\n<div class=\"wp-block-columns is-layout-flex wp-container-core-columns-is-layout-28f84493 wp-block-columns-is-layout-flex\">\n<div class=\"wp-block-column is-layout-flow wp-block-column-is-layout-flow\">\n<figure class=\"wp-block-image size-full\"><img decoding=\"async\" width=\"1200\" height=\"800\" src=\"https:\/\/www.aveyronline.net\/wp-content\/uploads\/2023\/06\/Clocher-04_Verso.jpg\" alt=\"\" class=\"wp-image-16497\" title=\"\"><figcaption class=\"wp-element-caption\">Livres &amp; \u00c9critures &#8211; Panneau verso<\/figcaption><\/figure>\n<\/div>\n\n\n\n<div class=\"wp-block-column is-layout-flow wp-block-column-is-layout-flow\" style=\"flex-basis:25%\"><\/div>\n<\/div>\n<\/div>\n<\/div>\n\n\n\n<p>Ce monde d\u2019en haut reste inaccessible, en un langage inaudible pour les passants. M\u00eame en se d\u00e9vissant la t\u00eate, on ne per\u00e7oit que peu de choses, d\u2019autant que certains d\u00e9tails se cachent au sein m\u00eame du clocher.<\/p>\n\n\n\n<p>Des&nbsp;ap\u00f4tres aux acrobates, l\u2019<em>association des Amis de la cath\u00e9drale de Rodez et du Palais \u00e9piscopal<\/em>, avec la complicit\u00e9&nbsp;de sa grande s\u0153ur&nbsp;<em>la Soci\u00e9t\u00e9 des lettres de l\u2019Aveyron<\/em>, vous invite \u00e0 un voyage vers les merveilles d\u2019en haut.&nbsp;<\/p>\n\n\n\n<div class=\"wp-block-columns is-layout-flex wp-container-core-columns-is-layout-28f84493 wp-block-columns-is-layout-flex\">\n<div class=\"wp-block-column is-layout-flow wp-block-column-is-layout-flow\">\n<div class=\"wp-block-columns is-layout-flex wp-container-core-columns-is-layout-28f84493 wp-block-columns-is-layout-flex\">\n<div class=\"wp-block-column is-layout-flow wp-block-column-is-layout-flow\" style=\"flex-basis:25%\"><\/div>\n\n\n\n<div class=\"wp-block-column is-layout-flow wp-block-column-is-layout-flow\">\n<figure class=\"wp-block-image size-large\"><img loading=\"lazy\" decoding=\"async\" width=\"1024\" height=\"683\" src=\"https:\/\/www.aveyronline.net\/wp-content\/uploads\/2023\/06\/Clocher-02_Recto-1024x683.jpg\" alt=\"\" class=\"wp-image-16492\" title=\"\" srcset=\"https:\/\/www.aveyronline.net\/wp-content\/uploads\/2023\/06\/Clocher-02_Recto-1024x683.jpg 1024w, https:\/\/www.aveyronline.net\/wp-content\/uploads\/2023\/06\/Clocher-02_Recto-300x200.jpg 300w, https:\/\/www.aveyronline.net\/wp-content\/uploads\/2023\/06\/Clocher-02_Recto-768x512.jpg 768w, https:\/\/www.aveyronline.net\/wp-content\/uploads\/2023\/06\/Clocher-02_Recto-696x464.jpg 696w, https:\/\/www.aveyronline.net\/wp-content\/uploads\/2023\/06\/Clocher-02_Recto-1068x712.jpg 1068w, https:\/\/www.aveyronline.net\/wp-content\/uploads\/2023\/06\/Clocher-02_Recto-630x420.jpg 630w, https:\/\/www.aveyronline.net\/wp-content\/uploads\/2023\/06\/Clocher-02_Recto.jpg 1200w\" sizes=\"(max-width: 1024px) 100vw, 1024px\" \/><figcaption class=\"wp-element-caption\">Les acrobates &#8211; Panneau recto<\/figcaption><\/figure>\n<\/div>\n<\/div>\n<\/div>\n\n\n\n<div class=\"wp-block-column is-layout-flow wp-block-column-is-layout-flow\">\n<div class=\"wp-block-columns is-layout-flex wp-container-core-columns-is-layout-28f84493 wp-block-columns-is-layout-flex\">\n<div class=\"wp-block-column is-layout-flow wp-block-column-is-layout-flow\">\n<figure class=\"wp-block-image size-large\"><img loading=\"lazy\" decoding=\"async\" width=\"1024\" height=\"683\" src=\"https:\/\/www.aveyronline.net\/wp-content\/uploads\/2023\/06\/Clocher-02_Verso-1024x683.jpg\" alt=\"\" class=\"wp-image-16493\" title=\"\" srcset=\"https:\/\/www.aveyronline.net\/wp-content\/uploads\/2023\/06\/Clocher-02_Verso-1024x683.jpg 1024w, https:\/\/www.aveyronline.net\/wp-content\/uploads\/2023\/06\/Clocher-02_Verso-300x200.jpg 300w, https:\/\/www.aveyronline.net\/wp-content\/uploads\/2023\/06\/Clocher-02_Verso-768x512.jpg 768w, https:\/\/www.aveyronline.net\/wp-content\/uploads\/2023\/06\/Clocher-02_Verso-696x464.jpg 696w, https:\/\/www.aveyronline.net\/wp-content\/uploads\/2023\/06\/Clocher-02_Verso-1068x712.jpg 1068w, https:\/\/www.aveyronline.net\/wp-content\/uploads\/2023\/06\/Clocher-02_Verso-630x420.jpg 630w, https:\/\/www.aveyronline.net\/wp-content\/uploads\/2023\/06\/Clocher-02_Verso.jpg 1200w\" sizes=\"(max-width: 1024px) 100vw, 1024px\" \/><figcaption class=\"wp-element-caption\">Les acrobates &#8211; Panneau verso<\/figcaption><\/figure>\n<\/div>\n\n\n\n<div class=\"wp-block-column is-layout-flow wp-block-column-is-layout-flow\" style=\"flex-basis:25%\"><\/div>\n<\/div>\n<\/div>\n<\/div>\n\n\n\n<p class=\"has-regular-font-size\">L&rsquo;exposition est d\u00e9di\u00e9e \u00e0 tous les sculpteurs anonymes qui contribuent, \u00e0 travers le temps, au rayonnement de la cath\u00e9drale de Rodez et \u00e0 cet \u00e9blouissement.<\/p>\n\n\n\n<figure class=\"wp-block-image alignwide size-large\"><img loading=\"lazy\" decoding=\"async\" width=\"1024\" height=\"683\" src=\"https:\/\/www.aveyronline.net\/wp-content\/uploads\/2023\/06\/Expo-clocher-1-1024x683.jpg\" alt=\"\" class=\"wp-image-16608\" title=\"\" srcset=\"https:\/\/www.aveyronline.net\/wp-content\/uploads\/2023\/06\/Expo-clocher-1-1024x683.jpg 1024w, https:\/\/www.aveyronline.net\/wp-content\/uploads\/2023\/06\/Expo-clocher-1-300x200.jpg 300w, https:\/\/www.aveyronline.net\/wp-content\/uploads\/2023\/06\/Expo-clocher-1-768x512.jpg 768w, https:\/\/www.aveyronline.net\/wp-content\/uploads\/2023\/06\/Expo-clocher-1-696x464.jpg 696w, https:\/\/www.aveyronline.net\/wp-content\/uploads\/2023\/06\/Expo-clocher-1-1068x712.jpg 1068w, https:\/\/www.aveyronline.net\/wp-content\/uploads\/2023\/06\/Expo-clocher-1-630x420.jpg 630w, https:\/\/www.aveyronline.net\/wp-content\/uploads\/2023\/06\/Expo-clocher-1.jpg 1200w\" sizes=\"(max-width: 1024px) 100vw, 1024px\" \/><\/figure>\n\n\n\n<blockquote class=\"wp-block-quote is-layout-flow wp-block-quote-is-layout-flow\">\n<p class=\"has-black-color has-text-color\" id=\"block-3f52409e-6e1f-46a7-83e8-d3cc779103e3\" style=\"font-size:17px;font-style:italic;font-weight:600;text-transform:none\">\u00ab <em>Ce qui frappe [\u2026], c\u2019est l\u2019anonymat dans lequel sont rest\u00e9s tant de sculpteurs de l\u2019autrefois<\/em> \u00bb<\/p>\n<cite>Pierre Carr\u00e8re, <em>fondateur et premier pr\u00e9sident de l\u2019association des Amis de la cath\u00e9drale de Rodez<\/em>, lors du colloque organis\u00e9, par la Soci\u00e9t\u00e9&nbsp;des lettres, sciences de l&rsquo;Aveyron, en 1977.<\/cite><\/blockquote>\n\n\n\n<div class=\"wp-block-columns is-layout-flex wp-container-core-columns-is-layout-28f84493 wp-block-columns-is-layout-flex\">\n<div class=\"wp-block-column is-layout-flow wp-block-column-is-layout-flow\">\n<div class=\"wp-block-columns is-layout-flex wp-container-core-columns-is-layout-28f84493 wp-block-columns-is-layout-flex\">\n<div class=\"wp-block-column is-layout-flow wp-block-column-is-layout-flow\" style=\"flex-basis:25%\"><\/div>\n\n\n\n<div class=\"wp-block-column is-layout-flow wp-block-column-is-layout-flow\">\n<figure class=\"wp-block-image size-large\"><img loading=\"lazy\" decoding=\"async\" width=\"1024\" height=\"683\" src=\"https:\/\/www.aveyronline.net\/wp-content\/uploads\/2023\/06\/Clocher-00_Recto-1024x683.jpg\" alt=\"\" class=\"wp-image-16622\" title=\"\" srcset=\"https:\/\/www.aveyronline.net\/wp-content\/uploads\/2023\/06\/Clocher-00_Recto-1024x683.jpg 1024w, https:\/\/www.aveyronline.net\/wp-content\/uploads\/2023\/06\/Clocher-00_Recto-300x200.jpg 300w, https:\/\/www.aveyronline.net\/wp-content\/uploads\/2023\/06\/Clocher-00_Recto-768x512.jpg 768w, https:\/\/www.aveyronline.net\/wp-content\/uploads\/2023\/06\/Clocher-00_Recto-696x464.jpg 696w, https:\/\/www.aveyronline.net\/wp-content\/uploads\/2023\/06\/Clocher-00_Recto-1068x712.jpg 1068w, https:\/\/www.aveyronline.net\/wp-content\/uploads\/2023\/06\/Clocher-00_Recto-630x420.jpg 630w, https:\/\/www.aveyronline.net\/wp-content\/uploads\/2023\/06\/Clocher-00_Recto.jpg 1200w\" sizes=\"(max-width: 1024px) 100vw, 1024px\" \/><figcaption class=\"wp-element-caption\">Coll\u00e8ge Apostolique &#8211; panneau recto<\/figcaption><\/figure>\n<\/div>\n<\/div>\n<\/div>\n\n\n\n<div class=\"wp-block-column is-layout-flow wp-block-column-is-layout-flow\">\n<div class=\"wp-block-columns is-layout-flex wp-container-core-columns-is-layout-28f84493 wp-block-columns-is-layout-flex\">\n<div class=\"wp-block-column is-layout-flow wp-block-column-is-layout-flow\">\n<figure class=\"wp-block-image size-large\"><img loading=\"lazy\" decoding=\"async\" width=\"1024\" height=\"683\" src=\"https:\/\/www.aveyronline.net\/wp-content\/uploads\/2023\/06\/Clocher-00_Verso-1024x683.jpg\" alt=\"\" class=\"wp-image-16624\" title=\"\" srcset=\"https:\/\/www.aveyronline.net\/wp-content\/uploads\/2023\/06\/Clocher-00_Verso-1024x683.jpg 1024w, https:\/\/www.aveyronline.net\/wp-content\/uploads\/2023\/06\/Clocher-00_Verso-300x200.jpg 300w, https:\/\/www.aveyronline.net\/wp-content\/uploads\/2023\/06\/Clocher-00_Verso-768x512.jpg 768w, https:\/\/www.aveyronline.net\/wp-content\/uploads\/2023\/06\/Clocher-00_Verso-696x464.jpg 696w, https:\/\/www.aveyronline.net\/wp-content\/uploads\/2023\/06\/Clocher-00_Verso-1068x712.jpg 1068w, https:\/\/www.aveyronline.net\/wp-content\/uploads\/2023\/06\/Clocher-00_Verso-630x420.jpg 630w, https:\/\/www.aveyronline.net\/wp-content\/uploads\/2023\/06\/Clocher-00_Verso.jpg 1200w\" sizes=\"(max-width: 1024px) 100vw, 1024px\" \/><figcaption class=\"wp-element-caption\">Coll\u00e8ge Apostolique &#8211; panneau verso<\/figcaption><\/figure>\n<\/div>\n\n\n\n<div class=\"wp-block-column is-layout-flow wp-block-column-is-layout-flow\" style=\"flex-basis:25%\"><\/div>\n<\/div>\n<\/div>\n<\/div>\n\n\n\n<div style=\"height:30px\" aria-hidden=\"true\" class=\"wp-block-spacer\"><\/div>\n\n\n\n<hr class=\"wp-block-separator has-alpha-channel-opacity\"\/>\n\n\n\n<div class=\"wp-block-columns is-layout-flex wp-container-core-columns-is-layout-28f84493 wp-block-columns-is-layout-flex\">\n<div class=\"wp-block-column is-layout-flow wp-block-column-is-layout-flow\">\n<figure class=\"wp-block-image alignleft size-full\"><img loading=\"lazy\" decoding=\"async\" width=\"550\" height=\"800\" src=\"https:\/\/www.aveyronline.net\/wp-content\/uploads\/2023\/06\/Clocher-affiche.jpg\" alt=\"Invisibles du clocher \" class=\"wp-image-16520\" title=\"\" srcset=\"https:\/\/www.aveyronline.net\/wp-content\/uploads\/2023\/06\/Clocher-affiche.jpg 550w, https:\/\/www.aveyronline.net\/wp-content\/uploads\/2023\/06\/Clocher-affiche-206x300.jpg 206w, https:\/\/www.aveyronline.net\/wp-content\/uploads\/2023\/06\/Clocher-affiche-289x420.jpg 289w\" sizes=\"(max-width: 550px) 100vw, 550px\" \/><\/figure>\n<\/div>\n\n\n\n<div class=\"wp-block-column is-vertically-aligned-top is-layout-flow wp-block-column-is-layout-flow\">\n<h5 class=\"wp-block-heading\"><strong>Informations pratiques : <\/strong><\/h5>\n\n\n\n<p>Exposition gratuite <br>Place de la Cit\u00e9 &#8211; 12000 Rodez<\/p>\n\n\n\n<div style=\"height:30px\" aria-hidden=\"true\" class=\"wp-block-spacer\"><\/div>\n\n\n\n<figure class=\"wp-block-image aligncenter size-full is-resized\"><a href=\"https:\/\/www.facebook.com\/AmisCathedraleRodez\" target=\"_blank\" rel=\"noreferrer noopener nofollow\"><img loading=\"lazy\" decoding=\"async\" src=\"https:\/\/www.aveyronline.net\/wp-content\/uploads\/2023\/06\/Logo-ass_cathedrale.jpg\" alt=\"\" class=\"wp-image-16532\" width=\"100\" height=\"100\" title=\"\" srcset=\"https:\/\/www.aveyronline.net\/wp-content\/uploads\/2023\/06\/Logo-ass_cathedrale.jpg 400w, https:\/\/www.aveyronline.net\/wp-content\/uploads\/2023\/06\/Logo-ass_cathedrale-300x300.jpg 300w, https:\/\/www.aveyronline.net\/wp-content\/uploads\/2023\/06\/Logo-ass_cathedrale-150x150.jpg 150w\" sizes=\"(max-width: 100px) 100vw, 100px\" \/><\/a><\/figure>\n\n\n\n<p style=\"font-size:13px\"><strong>En savoir plus sur l\u2019Association des Amis de la cath\u00e9drale et du Palais \u00e9piscopal&nbsp;: <\/strong><a href=\"https:\/\/www.aveyronline.net\/?p=16486&amp;page=2&amp;preview=true\">page suivante<\/a><\/p>\n\n\n\n<ul class=\"wp-block-social-links has-small-icon-size is-content-justification-right is-layout-flex wp-container-core-social-links-is-layout-d445cf74 wp-block-social-links-is-layout-flex\"><li class=\"wp-social-link wp-social-link-facebook  wp-block-social-link\"><a href=\"https:\/\/www.facebook.com\/AmisCathedraleRodez\" class=\"wp-block-social-link-anchor\" rel=\"nofollow noopener\" target=\"_blank\"><svg width=\"24\" height=\"24\" viewBox=\"0 0 24 24\" version=\"1.1\" xmlns=\"http:\/\/www.w3.org\/2000\/svg\" aria-hidden=\"true\" focusable=\"false\"><path d=\"M12 2C6.5 2 2 6.5 2 12c0 5 3.7 9.1 8.4 9.9v-7H7.9V12h2.5V9.8c0-2.5 1.5-3.9 3.8-3.9 1.1 0 2.2.2 2.2.2v2.5h-1.3c-1.2 0-1.6.8-1.6 1.6V12h2.8l-.4 2.9h-2.3v7C18.3 21.1 22 17 22 12c0-5.5-4.5-10-10-10z\"><\/path><\/svg><span class=\"wp-block-social-link-label screen-reader-text\">Facebook<\/span><\/a><\/li><\/ul>\n<\/div>\n<\/div>\n\n\n\n<h6 class=\"wp-block-heading\"><\/h6>\n\n\n\n<!--nextpage-->\n\n\n\n<hr class=\"wp-block-separator has-alpha-channel-opacity\"\/>\n\n\n\n<h5 class=\"wp-block-heading\"><strong>A propos de l\u2019Association des Amis de la cath\u00e9drale et du Palais \u00e9piscopal&nbsp;: <\/strong><\/h5>\n\n\n\n<p class=\"has-regular-font-size\">L\u2019association&nbsp;est n\u00e9e en 1968, afin de lever des fonds pour mettre hors d\u2019eau la cath\u00e9drale dont l\u2019\u00e9tat de la toiture \u00e9tait alors tr\u00e8s pr\u00e9occupant. L\u2019appel fut entendu par les Aveyronnais&nbsp;pour lesquels ce monument avait une valeur hautement symbolique. Aujourd&rsquo;hui&nbsp;encore, la cath\u00e9drale est, pour nombre d\u2019entre eux, un lieu d\u2019appartenance intime, un ancrage.<\/p>\n\n\n\n<p class=\"has-regular-font-size\">Les premi\u00e8res actions se sont donc concentr\u00e9es sur la structure du monument. Une&nbsp;fois les cr\u00e9dits allou\u00e9s par l\u2019Etat afin d&rsquo;assurer ces missions de restauration&nbsp;urgente, l\u2019association a d\u00e9velopp\u00e9 trois activit\u00e9s : l\u2019approfondissement de la connaissance de l&rsquo;histoire de la cath\u00e9drale (publications, conf\u00e9rences), la d\u00e9couverte comment\u00e9e de&nbsp;&nbsp;ses richesses patrimoniales, lors de visites r\u00e9alis\u00e9es, durant l&rsquo;\u00e9t\u00e9, par de jeunes b\u00e9n\u00e9voles ou des membres passionn\u00e9s de l\u2019association, la restauration et la mise en valeur d\u2019\u00e9l\u00e9ments du mobilier artistique (tableaux, sculptures&#8230;) ou d&rsquo;\u00e9l\u00e9ments plus insolites (orgue de ch\u0153ur, carillon des cloches, m\u00e9canisme de l\u2019horloge, copies d&rsquo;une dalle fun\u00e9raire et d&rsquo;un cadran&nbsp;solaire, mise en valeur d&rsquo;un puits, \u00e9tabli au sein d&rsquo;une chapelle, installation&nbsp;d\u2019une maquette\u2026), ou la r\u00e9alisation d&rsquo;une exposition comme celle-ci.<\/p>\n\n\n\n<p>Toutes ces actions sont rendues possibles gr\u00e2ce \u00e0 la g\u00e9n\u00e9rosit\u00e9 des adh\u00e9rents de l\u2019association et \u00e0 leurs dons, mais aussi \u00e0 ceux des visiteurs de l\u2019\u00e9t\u00e9 et des entreprises, tout au long de l\u2019ann\u00e9e. Ces dons donnent lieu \u00e0 un re\u00e7u de d\u00e9fiscalisation au titre de la reconnaissance d\u2019int\u00e9r\u00eat g\u00e9n\u00e9ral de l\u2019association.<\/p>\n\n\n\n<figure class=\"wp-block-image alignwide size-large\"><img loading=\"lazy\" decoding=\"async\" width=\"1024\" height=\"683\" src=\"https:\/\/www.aveyronline.net\/wp-content\/uploads\/2023\/06\/Clocher-asso-1024x683.jpg\" alt=\"\" class=\"wp-image-16540\" title=\"\" srcset=\"https:\/\/www.aveyronline.net\/wp-content\/uploads\/2023\/06\/Clocher-asso-1024x683.jpg 1024w, https:\/\/www.aveyronline.net\/wp-content\/uploads\/2023\/06\/Clocher-asso-300x200.jpg 300w, https:\/\/www.aveyronline.net\/wp-content\/uploads\/2023\/06\/Clocher-asso-768x512.jpg 768w, https:\/\/www.aveyronline.net\/wp-content\/uploads\/2023\/06\/Clocher-asso-696x464.jpg 696w, https:\/\/www.aveyronline.net\/wp-content\/uploads\/2023\/06\/Clocher-asso-1068x712.jpg 1068w, https:\/\/www.aveyronline.net\/wp-content\/uploads\/2023\/06\/Clocher-asso-630x420.jpg 630w, https:\/\/www.aveyronline.net\/wp-content\/uploads\/2023\/06\/Clocher-asso.jpg 1200w\" sizes=\"(max-width: 1024px) 100vw, 1024px\" \/><\/figure>\n\n\n\n<p>Depuis plus de cinquante ans, cette association culturelle est veilleuse de cath\u00e9drale. Une place assur\u00e9ment exigeante. Ses membres se transmettent cette responsabilit\u00e9 morale et affective. Elle agit \u00e0 sa modeste mesure, en partenariat et aux c\u00f4t\u00e9s de l\u2019Etat (Unit\u00e9 D\u00e9partementale de l\u2019Architecture et du Patrimoine, DRAC Occitanie), et dans le respect du clerg\u00e9 affectataire.<\/p>\n\n\n\n<ul class=\"wp-block-social-links is-content-justification-right is-layout-flex wp-container-core-social-links-is-layout-d445cf74 wp-block-social-links-is-layout-flex\"><li class=\"wp-social-link wp-social-link-facebook  wp-block-social-link\"><a href=\"https:\/\/www.facebook.com\/AmisCathedraleRodez\" class=\"wp-block-social-link-anchor\" rel=\"nofollow noopener\" target=\"_blank\"><svg width=\"24\" height=\"24\" viewBox=\"0 0 24 24\" version=\"1.1\" xmlns=\"http:\/\/www.w3.org\/2000\/svg\" aria-hidden=\"true\" focusable=\"false\"><path d=\"M12 2C6.5 2 2 6.5 2 12c0 5 3.7 9.1 8.4 9.9v-7H7.9V12h2.5V9.8c0-2.5 1.5-3.9 3.8-3.9 1.1 0 2.2.2 2.2.2v2.5h-1.3c-1.2 0-1.6.8-1.6 1.6V12h2.8l-.4 2.9h-2.3v7C18.3 21.1 22 17 22 12c0-5.5-4.5-10-10-10z\"><\/path><\/svg><span class=\"wp-block-social-link-label screen-reader-text\">Facebook<\/span><\/a><\/li><\/ul>\n","protected":false},"excerpt":{"rendered":"<p>Ce vendredi 23 juin, Claire MOLINIER, pr\u00e9sidente de l&rsquo;association des Amis de la Cath\u00e9drale de Rodez, inaugure l&rsquo;exposition Les Invisibles du Clocher sur la place de la cit\u00e9 de Rodez aux c\u00f4t\u00e9s d&rsquo;Arnaud VIALA et de Christian TEYSS\u00c8DRE. Cette exposition donne \u00e0 voir quelques-unes des sculptures dont on ne soup\u00e7onne pas m\u00eame l\u2019existence et rend [&hellip;]<\/p>\n","protected":false},"author":1,"featured_media":16490,"comment_status":"open","ping_status":"open","sticky":false,"template":"","format":"standard","meta":{"footnotes":""},"categories":[16,20,33,24,58,17],"tags":[155,1216,1302,112,64],"class_list":["post-16486","post","type-post","status-publish","format-standard","has-post-thumbnail","hentry","category-culture","category-histoire","category-les-evenements","category-les-rendez-vous","category-patrimoine","category-savoir-faire","tag-aveyron","tag-cathedrale-2","tag-clocher","tag-exposition","tag-rodez"],"views":121,"_links":{"self":[{"href":"https:\/\/www.aveyronline.net\/index.php\/wp-json\/wp\/v2\/posts\/16486","targetHints":{"allow":["GET"]}}],"collection":[{"href":"https:\/\/www.aveyronline.net\/index.php\/wp-json\/wp\/v2\/posts"}],"about":[{"href":"https:\/\/www.aveyronline.net\/index.php\/wp-json\/wp\/v2\/types\/post"}],"author":[{"embeddable":true,"href":"https:\/\/www.aveyronline.net\/index.php\/wp-json\/wp\/v2\/users\/1"}],"replies":[{"embeddable":true,"href":"https:\/\/www.aveyronline.net\/index.php\/wp-json\/wp\/v2\/comments?post=16486"}],"version-history":[{"count":38,"href":"https:\/\/www.aveyronline.net\/index.php\/wp-json\/wp\/v2\/posts\/16486\/revisions"}],"predecessor-version":[{"id":16625,"href":"https:\/\/www.aveyronline.net\/index.php\/wp-json\/wp\/v2\/posts\/16486\/revisions\/16625"}],"wp:featuredmedia":[{"embeddable":true,"href":"https:\/\/www.aveyronline.net\/index.php\/wp-json\/wp\/v2\/media\/16490"}],"wp:attachment":[{"href":"https:\/\/www.aveyronline.net\/index.php\/wp-json\/wp\/v2\/media?parent=16486"}],"wp:term":[{"taxonomy":"category","embeddable":true,"href":"https:\/\/www.aveyronline.net\/index.php\/wp-json\/wp\/v2\/categories?post=16486"},{"taxonomy":"post_tag","embeddable":true,"href":"https:\/\/www.aveyronline.net\/index.php\/wp-json\/wp\/v2\/tags?post=16486"}],"curies":[{"name":"wp","href":"https:\/\/api.w.org\/{rel}","templated":true}]}}