{"id":17742,"date":"2023-08-30T17:00:00","date_gmt":"2023-08-30T15:00:00","guid":{"rendered":"https:\/\/www.aveyronline.net\/?p=17742"},"modified":"2023-09-04T11:45:48","modified_gmt":"2023-09-04T09:45:48","slug":"vallee-viaur-comps","status":"publish","type":"post","link":"https:\/\/www.aveyronline.net\/index.php\/2023\/08\/30\/vallee-viaur-comps\/","title":{"rendered":"La Grandvilloise, une escapade nature entre L\u00e9v\u00e9zou et vall\u00e9e du Viaur"},"content":{"rendered":"\n<h4 class=\"wp-block-heading\">La d\u00e9couverte de la vall\u00e9e du Viaur \u00e0 VTT ou en marchant, c\u2019est le <strong>10 septembre<\/strong> \u00e0 <strong>Comps La Grand Ville<\/strong>. Pour cette 7\u00e8me \u00e9dition, los randonaires de la Villa ont concoct\u00e9 des parcours \u00ab&nbsp;aux petits oignons&nbsp;\u00bb pour les amateurs de nature et de sport.&nbsp;&nbsp;<\/h4>\n\n\n\n<figure class=\"wp-block-image alignwide size-large\"><img fetchpriority=\"high\" decoding=\"async\" width=\"1024\" height=\"680\" src=\"https:\/\/www.aveyronline.net\/wp-content\/uploads\/2023\/08\/LRDV-02-1024x680.jpg\" alt=\"La Grandvilloise - Viaur &amp; L\u00e9vezou\" class=\"wp-image-17745\" title=\"\" srcset=\"https:\/\/www.aveyronline.net\/wp-content\/uploads\/2023\/08\/LRDV-02-1024x680.jpg 1024w, https:\/\/www.aveyronline.net\/wp-content\/uploads\/2023\/08\/LRDV-02-300x199.jpg 300w, https:\/\/www.aveyronline.net\/wp-content\/uploads\/2023\/08\/LRDV-02-768x510.jpg 768w, https:\/\/www.aveyronline.net\/wp-content\/uploads\/2023\/08\/LRDV-02-1536x1020.jpg 1536w, https:\/\/www.aveyronline.net\/wp-content\/uploads\/2023\/08\/LRDV-02-696x462.jpg 696w, https:\/\/www.aveyronline.net\/wp-content\/uploads\/2023\/08\/LRDV-02-1068x709.jpg 1068w, https:\/\/www.aveyronline.net\/wp-content\/uploads\/2023\/08\/LRDV-02-632x420.jpg 632w, https:\/\/www.aveyronline.net\/wp-content\/uploads\/2023\/08\/LRDV-02.jpg 1920w\" sizes=\"(max-width: 1024px) 100vw, 1024px\" \/><\/figure>\n\n\n\n<p>Gr\u00e9gory Alibert, pr\u00e9sident de l\u2019association, nous pr\u00e9sente les diff\u00e9rents circuits sillonnant la vall\u00e9e du Viaur et le L\u00e9v\u00e9zou. Il confie \u00ab&nbsp;il y en aura pour tous, du novice au sp\u00e9cialiste, pour des efforts et des moments \u00e0 vivre en solo, en famille ou entre amis&nbsp;\u00bb. Quoi de mieux pour aborder la rentr\u00e9e&nbsp;!<\/p>\n\n\n\n<h4 class=\"wp-block-heading\"><strong>Le menu du jour&nbsp;:&nbsp;&nbsp;<\/strong>43 et 26 km (randonn\u00e9es VTT) \/ 10 km (randonn\u00e9e p\u00e9destre)<\/h4>\n\n\n\n<p>Gr\u00e9gory souligne \u00ab&nbsp;la Granvilloise, c\u2019est un environnement naturel exceptionnel, une pluralit\u00e9 de promenades, des paysages d\u2019une grande beaut\u00e9 et un patrimoine b\u00e2ti d\u2019une grande richesse&nbsp;\u00bb.&nbsp;&nbsp;Il ajoute \u00ab&nbsp;bienvenue \u00e0 tous sur un territoire atypique o\u00f9 efforts rythment avec plaisir&nbsp;\u00bb. Au programme de la journ\u00e9e trois formats&nbsp;: 43 et 26 km (randonn\u00e9es VTT) \/ 10 km (randonn\u00e9e p\u00e9destre). Tous les d\u00e9parts se passent \u00e0 l\u2019\u00e9cole du village.<\/p>\n\n\n\n<figure class=\"wp-block-image alignwide size-large\"><img decoding=\"async\" width=\"1024\" height=\"680\" src=\"https:\/\/www.aveyronline.net\/wp-content\/uploads\/2023\/08\/LRDV-03-1024x680.jpg\" alt=\"\" class=\"wp-image-17746\" title=\"\" srcset=\"https:\/\/www.aveyronline.net\/wp-content\/uploads\/2023\/08\/LRDV-03-1024x680.jpg 1024w, https:\/\/www.aveyronline.net\/wp-content\/uploads\/2023\/08\/LRDV-03-300x199.jpg 300w, https:\/\/www.aveyronline.net\/wp-content\/uploads\/2023\/08\/LRDV-03-768x510.jpg 768w, https:\/\/www.aveyronline.net\/wp-content\/uploads\/2023\/08\/LRDV-03-1536x1020.jpg 1536w, https:\/\/www.aveyronline.net\/wp-content\/uploads\/2023\/08\/LRDV-03-696x462.jpg 696w, https:\/\/www.aveyronline.net\/wp-content\/uploads\/2023\/08\/LRDV-03-1068x709.jpg 1068w, https:\/\/www.aveyronline.net\/wp-content\/uploads\/2023\/08\/LRDV-03-632x420.jpg 632w, https:\/\/www.aveyronline.net\/wp-content\/uploads\/2023\/08\/LRDV-03.jpg 1920w\" sizes=\"(max-width: 1024px) 100vw, 1024px\" \/><\/figure>\n\n\n\n<h4 class=\"wp-block-heading\"><strong>Le 43 km&nbsp;<\/strong><\/h4>\n\n\n\n<p>C\u2019est un p\u00e9riple de 1000 m\u00e8tres de d\u00e9nivel\u00e9. Le d\u00e9part est \u00e0 9h00.&nbsp;&nbsp;Cette formule est r\u00e9serv\u00e9e principalement aux sportifs r\u00e9guliers. Elle a trois ravitaillements. Les v\u00e9t\u00e9tistes partent sur une mont\u00e9e progressive les conduisant \u00e0 Tr\u00e9mouilles par des chemins accessibles. \u00ab&nbsp;C\u2019est le tron\u00e7on parfait pour s\u2019\u00e9chauffer&nbsp;\u00bb note Gr\u00e9gory. Apr\u00e8s ce bref passage sur le L\u00e9v\u00e9zou, les v\u00e9t\u00e9tistes prennent une descente technique jusqu\u2019aux gorges Viaur. \u00ab&nbsp;C\u2019est une descente que les aficionados de VTT appr\u00e9cieront particuli\u00e8rement avec une dose de technicit\u00e9, de nature et de sensations comme on les aime en Aveyron&nbsp;\u00bb pr\u00e9cise Gr\u00e9gory.&nbsp;&nbsp;Ils passent aussi \u00e0 proximit\u00e9 des \u00e9curies de Bann\u00e8s. C\u2019est un monde grandeur nature, authentique et sauvage que les randonneurs arpenteront. Apr\u00e8s une descente pleine de peps et de piquant, les aventuriers du jour repartent sur une mont\u00e9e pentue pour arriver \u00e0 Tr\u00e9mouilles. Gr\u00e9gory remarque \u00ab&nbsp;\u00e7a va piquer dans les mollets, il faut faire attention de prendre le tout \u00e0 son rythme pour ne pas se griller \u00bb.&nbsp;&nbsp;Ces deux encha\u00eenements sont les principales difficult\u00e9s. Apr\u00e8s, ils repartiront en direction de Salmiech, la for\u00eat du Lagast en point de mire avec ses h\u00eatres et sapins. \u00ab&nbsp;Ce morceau est assez roulant et tr\u00e8s agr\u00e9able, c\u2019est le moment parfait pour r\u00e9cup\u00e9rer de l\u2019\u00e9nergie apr\u00e8s les efforts successifs&nbsp;\u00bb ajoute Gr\u00e9gory. A Salmiech, c\u2019est la derni\u00e8re ligne droite avant la fin de l\u2019aventure avec une belle mont\u00e9e sur Comps La Grand Ville.<\/p>\n\n\n\n<div class=\"wp-block-columns is-layout-flex wp-container-core-columns-is-layout-28f84493 wp-block-columns-is-layout-flex\">\n<div class=\"wp-block-column is-layout-flow wp-block-column-is-layout-flow\">\n<h4 class=\"wp-block-heading\"><strong>Le 26 km&nbsp;<\/strong>&nbsp;<\/h4>\n\n\n\n<p>C\u2019est 490 m\u00e8tres de d\u00e9nivel\u00e9 qui attend les participants. Le d\u00e9part est \u00e0 9h30.&nbsp;&nbsp;Cette formule est r\u00e9serv\u00e9e \u00e0 tous les sportifs r\u00e9guliers ou non. Elle a deux ravitaillements. Il s\u2019agit exactement du m\u00eame parcours que celui du 43 km en enlevant la descente et la mont\u00e9e sur de Tr\u00e9mouilles sur les gorges du Viaur.&nbsp;&nbsp;\u00ab&nbsp;Nous avons voulu un parcours accessible \u00e0 tout le monde o\u00f9 tous les sportifs pourraient profiter de beaux moments de complicit\u00e9 en mode nature et sport&nbsp;\u00bb affirme Gr\u00e9gory.<\/p>\n<\/div>\n<\/div>\n\n\n\n<figure class=\"wp-block-image alignwide size-large\"><img decoding=\"async\" width=\"1024\" height=\"680\" src=\"https:\/\/www.aveyronline.net\/wp-content\/uploads\/2023\/08\/LRDV-04-1024x680.jpg\" alt=\"\" class=\"wp-image-17747\" title=\"\" srcset=\"https:\/\/www.aveyronline.net\/wp-content\/uploads\/2023\/08\/LRDV-04-1024x680.jpg 1024w, https:\/\/www.aveyronline.net\/wp-content\/uploads\/2023\/08\/LRDV-04-300x199.jpg 300w, https:\/\/www.aveyronline.net\/wp-content\/uploads\/2023\/08\/LRDV-04-768x510.jpg 768w, https:\/\/www.aveyronline.net\/wp-content\/uploads\/2023\/08\/LRDV-04-1536x1020.jpg 1536w, https:\/\/www.aveyronline.net\/wp-content\/uploads\/2023\/08\/LRDV-04-696x462.jpg 696w, https:\/\/www.aveyronline.net\/wp-content\/uploads\/2023\/08\/LRDV-04-1068x709.jpg 1068w, https:\/\/www.aveyronline.net\/wp-content\/uploads\/2023\/08\/LRDV-04-632x420.jpg 632w, https:\/\/www.aveyronline.net\/wp-content\/uploads\/2023\/08\/LRDV-04.jpg 1920w\" sizes=\"(max-width: 1024px) 100vw, 1024px\" \/><\/figure>\n\n\n\n<h4 class=\"wp-block-heading\"><strong>Le 10 km&nbsp;<\/strong>&nbsp;&nbsp;<\/h4>\n\n\n\n<p>Le d\u00e9part est \u00e0 9h15, il y a deux ravitaillements. \u00ab&nbsp;Cette possibilit\u00e9 permet \u00e0 tout le monde de participer \u00e0 ce moment de f\u00eate, sportifs ou non&nbsp;\u00bb constate Gr\u00e9gory. Les marcheurs partent sur les flancs du Viaur. Ils encha\u00eenent des mont\u00e9es et des descentes sur des chemins larges et des monotraces \u00e0 travers bois.&nbsp;&nbsp;Ils passent au c\u0153ur de la ferme des Bernadelles o\u00f9 ils peuvent c\u00f4toyer les cochons noirs. Ils traversent des ruisseaux et passe c\u00f4t\u00e9 d\u2019un moulin. \u00ab&nbsp;C\u2019est un petit voyage condens\u00e9 des alentours de Comps La Grand Ville&nbsp;\u00bb d\u00e9clare Gr\u00e9gory.<\/p>\n\n\n\n<div class=\"wp-block-columns is-layout-flex wp-container-core-columns-is-layout-28f84493 wp-block-columns-is-layout-flex\">\n<div class=\"wp-block-column is-vertically-aligned-top is-layout-flow wp-block-column-is-layout-flow\" style=\"flex-basis:50%\">\n<figure class=\"wp-block-image alignleft size-full\"><img loading=\"lazy\" decoding=\"async\" width=\"549\" height=\"782\" src=\"https:\/\/www.aveyronline.net\/wp-content\/uploads\/2023\/08\/LRDV-01.png\" alt=\"\" class=\"wp-image-17744\" title=\"\" srcset=\"https:\/\/www.aveyronline.net\/wp-content\/uploads\/2023\/08\/LRDV-01.png 549w, https:\/\/www.aveyronline.net\/wp-content\/uploads\/2023\/08\/LRDV-01-211x300.png 211w, https:\/\/www.aveyronline.net\/wp-content\/uploads\/2023\/08\/LRDV-01-295x420.png 295w\" sizes=\"(max-width: 549px) 100vw, 549px\" \/><\/figure>\n<\/div>\n\n\n\n<div class=\"wp-block-column is-vertically-aligned-bottom is-layout-flow wp-block-column-is-layout-flow\" style=\"flex-basis:50%\">\n<p>Pour tous les aficionados des deux roues estampill\u00e9s nature et les amoureux des sentiers p\u00e9destres, le dimanche 10 septembre, c\u2019est la date \u00e0 retenir en direct de Comps La Grand Ville.&nbsp;&nbsp;<\/p>\n\n\n\n<p>Des nouveaux parcours, des sentiers et des monotraces attendent les amateurs de l\u2019effort pleine nature dans un univers labellis\u00e9 Viaur et L\u00e9v\u00e9zou pour une dimension toujours plus forte&nbsp;!!!<\/p>\n<\/div>\n<\/div>\n\n\n\n<div style=\"height:1px\" aria-hidden=\"true\" class=\"wp-block-spacer\"><\/div>\n\n\n\n<hr class=\"wp-block-separator has-alpha-channel-opacity\"\/>\n\n\n\n<div class=\"wp-block-columns are-vertically-aligned-center is-layout-flex wp-container-core-columns-is-layout-28f84493 wp-block-columns-is-layout-flex\">\n<div class=\"wp-block-column is-vertically-aligned-center has-background is-layout-flow wp-block-column-is-layout-flow\" style=\"background-color:#bcc9e391\">\n<p class=\"has-text-align-center has-black-color has-text-color has-small-font-size\"><em>Rubrique sponsoris\u00e9e par : <\/em><\/p>\n\n\n\n<div class=\"wp-block-columns has-background is-layout-flex wp-container-core-columns-is-layout-28f84493 wp-block-columns-is-layout-flex\" style=\"background-color:#bcc9e300;max-width:480px;margin-top:-30px;margin-bottom:-20px\">\n<div class=\"wp-block-column is-layout-flow wp-block-column-is-layout-flow\" style=\"flex-basis:200px\">\n<figure class=\"wp-block-image size-full\"><a href=\"https:\/\/k-mp.fr\" target=\"_blank\" rel=\"noreferrer noopener nofollow\"><img loading=\"lazy\" decoding=\"async\" width=\"400\" height=\"400\" src=\"https:\/\/www.aveyronline.net\/wp-content\/uploads\/2023\/05\/logo-KMP.png\" alt=\"\" class=\"wp-image-15899\" title=\"\" srcset=\"https:\/\/www.aveyronline.net\/wp-content\/uploads\/2023\/05\/logo-KMP.png 400w, https:\/\/www.aveyronline.net\/wp-content\/uploads\/2023\/05\/logo-KMP-300x300.png 300w, https:\/\/www.aveyronline.net\/wp-content\/uploads\/2023\/05\/logo-KMP-150x150.png 150w\" sizes=\"(max-width: 400px) 100vw, 400px\" \/><\/a><\/figure>\n<\/div>\n\n\n\n<div class=\"wp-block-column is-layout-flow wp-block-column-is-layout-flow\" style=\"flex-basis:200px\">\n<figure class=\"wp-block-image size-full is-resized\"><a href=\"http:\/\/www.lanauze-audiovisuel.com\" target=\"_blank\" rel=\"noreferrer noopener nofollow\"><img loading=\"lazy\" decoding=\"async\" src=\"https:\/\/www.aveyronline.net\/wp-content\/uploads\/2023\/05\/Logo-LNA.png\" alt=\"\" class=\"wp-image-15900\" width=\"151\" height=\"151\" title=\"\" srcset=\"https:\/\/www.aveyronline.net\/wp-content\/uploads\/2023\/05\/Logo-LNA.png 400w, https:\/\/www.aveyronline.net\/wp-content\/uploads\/2023\/05\/Logo-LNA-300x300.png 300w, https:\/\/www.aveyronline.net\/wp-content\/uploads\/2023\/05\/Logo-LNA-150x150.png 150w\" sizes=\"(max-width: 151px) 100vw, 151px\" \/><\/a><\/figure>\n<\/div>\n\n\n\n<div class=\"wp-block-column is-layout-flow wp-block-column-is-layout-flow\" style=\"flex-basis:200px\">\n<figure class=\"wp-block-image size-full\"><a href=\"https:\/\/www.aveyronline.net\/index.php\/contact-mobile\/\"><img loading=\"lazy\" decoding=\"async\" width=\"400\" height=\"400\" src=\"https:\/\/www.aveyronline.net\/wp-content\/uploads\/2023\/05\/Logo-espace-dispo.png\" alt=\"\" class=\"wp-image-15926\" title=\"\" srcset=\"https:\/\/www.aveyronline.net\/wp-content\/uploads\/2023\/05\/Logo-espace-dispo.png 400w, https:\/\/www.aveyronline.net\/wp-content\/uploads\/2023\/05\/Logo-espace-dispo-300x300.png 300w, https:\/\/www.aveyronline.net\/wp-content\/uploads\/2023\/05\/Logo-espace-dispo-150x150.png 150w\" sizes=\"(max-width: 400px) 100vw, 400px\" \/><\/a><\/figure>\n<\/div>\n<\/div>\n<\/div>\n\n\n\n<div class=\"wp-block-column is-vertically-aligned-center is-layout-flow wp-block-column-is-layout-flow\">\n<p class=\"has-text-align-right\">Pour plus de renseignements : <a href=\"https:\/\/www.trail-rando-vtt-comps.com\/\" target=\"_blank\" data-type=\"URL\" data-id=\"https:\/\/www.trail-rando-vtt-comps.com\/\" rel=\"noreferrer noopener nofollow\">cliquez-ici<\/a><\/p>\n\n\n\n<ul class=\"wp-block-social-links aligncenter has-small-icon-size is-content-justification-right is-layout-flex wp-container-core-social-links-is-layout-d445cf74 wp-block-social-links-is-layout-flex\"><li class=\"wp-social-link wp-social-link-facebook  wp-block-social-link\"><a href=\"https:\/\/www.facebook.com\/profile.php?id=100068799510378\" class=\"wp-block-social-link-anchor\" rel=\"nofollow noopener\" target=\"_blank\"><svg width=\"24\" height=\"24\" viewBox=\"0 0 24 24\" version=\"1.1\" xmlns=\"http:\/\/www.w3.org\/2000\/svg\" aria-hidden=\"true\" focusable=\"false\"><path d=\"M12 2C6.5 2 2 6.5 2 12c0 5 3.7 9.1 8.4 9.9v-7H7.9V12h2.5V9.8c0-2.5 1.5-3.9 3.8-3.9 1.1 0 2.2.2 2.2.2v2.5h-1.3c-1.2 0-1.6.8-1.6 1.6V12h2.8l-.4 2.9h-2.3v7C18.3 21.1 22 17 22 12c0-5.5-4.5-10-10-10z\"><\/path><\/svg><span class=\"wp-block-social-link-label screen-reader-text\">Facebook<\/span><\/a><\/li><\/ul>\n<\/div>\n<\/div>\n\n\n\n<hr class=\"wp-block-separator has-alpha-channel-opacity\"\/>\n","protected":false},"excerpt":{"rendered":"<p>La d\u00e9couverte de la vall\u00e9e du Viaur \u00e0 VTT ou en marchant, c\u2019est le 10 septembre \u00e0 Comps La Grand Ville. Pour cette 7\u00e8me \u00e9dition, los randonaires de la Villa ont concoct\u00e9 des parcours \u00ab&nbsp;aux petits oignons&nbsp;\u00bb pour les amateurs de nature et de sport.&nbsp;&nbsp; Gr\u00e9gory Alibert, pr\u00e9sident de l\u2019association, nous pr\u00e9sente les diff\u00e9rents circuits [&hellip;]<\/p>\n","protected":false},"author":5,"featured_media":17743,"comment_status":"open","ping_status":"open","sticky":false,"template":"","format":"standard","meta":{"footnotes":""},"categories":[26],"tags":[155,529,122,1292,363,118],"class_list":["post-17742","post","type-post","status-publish","format-standard","has-post-thumbnail","hentry","category-trails-et-randonnees","tag-aveyron","tag-levezou","tag-nature","tag-outdoor","tag-sport","tag-viaur"],"views":67,"_links":{"self":[{"href":"https:\/\/www.aveyronline.net\/index.php\/wp-json\/wp\/v2\/posts\/17742","targetHints":{"allow":["GET"]}}],"collection":[{"href":"https:\/\/www.aveyronline.net\/index.php\/wp-json\/wp\/v2\/posts"}],"about":[{"href":"https:\/\/www.aveyronline.net\/index.php\/wp-json\/wp\/v2\/types\/post"}],"author":[{"embeddable":true,"href":"https:\/\/www.aveyronline.net\/index.php\/wp-json\/wp\/v2\/users\/5"}],"replies":[{"embeddable":true,"href":"https:\/\/www.aveyronline.net\/index.php\/wp-json\/wp\/v2\/comments?post=17742"}],"version-history":[{"count":12,"href":"https:\/\/www.aveyronline.net\/index.php\/wp-json\/wp\/v2\/posts\/17742\/revisions"}],"predecessor-version":[{"id":17792,"href":"https:\/\/www.aveyronline.net\/index.php\/wp-json\/wp\/v2\/posts\/17742\/revisions\/17792"}],"wp:featuredmedia":[{"embeddable":true,"href":"https:\/\/www.aveyronline.net\/index.php\/wp-json\/wp\/v2\/media\/17743"}],"wp:attachment":[{"href":"https:\/\/www.aveyronline.net\/index.php\/wp-json\/wp\/v2\/media?parent=17742"}],"wp:term":[{"taxonomy":"category","embeddable":true,"href":"https:\/\/www.aveyronline.net\/index.php\/wp-json\/wp\/v2\/categories?post=17742"},{"taxonomy":"post_tag","embeddable":true,"href":"https:\/\/www.aveyronline.net\/index.php\/wp-json\/wp\/v2\/tags?post=17742"}],"curies":[{"name":"wp","href":"https:\/\/api.w.org\/{rel}","templated":true}]}}