{"id":18242,"date":"2023-09-18T10:16:19","date_gmt":"2023-09-18T08:16:19","guid":{"rendered":"https:\/\/www.aveyronline.net\/?p=18242"},"modified":"2023-09-18T15:31:02","modified_gmt":"2023-09-18T13:31:02","slug":"nom-personne-plans-cultes","status":"publish","type":"post","link":"https:\/\/www.aveyronline.net\/index.php\/2023\/09\/18\/nom-personne-plans-cultes\/","title":{"rendered":"Mon nom est Personne &#8211; Mardi 19 septembre au CGR de Rodez"},"content":{"rendered":"\n<p>Mon nom est Personne pour la seconde projection de saison 2023-2024 des <a href=\"https:\/\/www.aveyronline.net\/index.php\/category\/se-divertir\/plans-cultes\/\">Plans Cultes<\/a> ce mardi 19 septembre \u00e0 20h au cin\u00e9ma CGR de Rodez.<\/p>\n\n\n\n<div class=\"wp-block-media-text alignwide has-media-on-the-right is-stacked-on-mobile is-vertically-aligned-top\" style=\"grid-template-columns:auto 33%\"><div class=\"wp-block-media-text__content\">\n<ul class=\"wp-block-list\">\n<li><strong>Genre :\u00a0<\/strong>Western, Com\u00e9die<\/li>\n\n\n\n<li><strong>Dur\u00e9e :<\/strong>\u00a01h54<\/li>\n\n\n\n<li><strong>Date de sortie :\u00a0<\/strong>14\/12\/1973<\/li>\n\n\n\n<li><strong>R\u00e9alis\u00e9 par :\u00a0<\/strong>Tonino Valerii, Sergio Leone<\/li>\n\n\n\n<li><strong>Casting :\u00a0<\/strong>Henry Fonda, Terence Hill, Jean Martin<\/li>\n\n\n\n<li>Film projet\u00e9 en&nbsp;<strong>Version Originale Sous-Titr\u00e9e<\/strong><\/li>\n<\/ul>\n<\/div><figure class=\"wp-block-media-text__media\"><img fetchpriority=\"high\" decoding=\"async\" width=\"550\" height=\"751\" src=\"https:\/\/www.aveyronline.net\/wp-content\/uploads\/2023\/09\/image-1.jpeg\" alt=\"Mon nom est Personne - Affiche\" class=\"wp-image-18245 size-full\" title=\"\" srcset=\"https:\/\/www.aveyronline.net\/wp-content\/uploads\/2023\/09\/image-1.jpeg 550w, https:\/\/www.aveyronline.net\/wp-content\/uploads\/2023\/09\/image-1-220x300.jpeg 220w, https:\/\/www.aveyronline.net\/wp-content\/uploads\/2023\/09\/image-1-308x420.jpeg 308w\" sizes=\"(max-width: 550px) 100vw, 550px\" \/><\/figure><\/div>\n\n\n\n<p><strong>Synopsis :&nbsp;<\/strong><\/p>\n\n\n\n<p>En 1895, une bande de 150 tueurs, \u00ab\u00a0La Horde sauvage\u00a0\u00bb, fait r\u00e9gner la terreur \u00e0 travers plusieurs Etats. Sullivan (Jean Martin), ex-aventurier sans crupule, tueur \u00e0 gages, chercheur d&rsquo;or et voleur, propri\u00e9taire d&rsquo;une mine d&rsquo;or, s&rsquo;est associ\u00e9 avec la Horde pour \u00e9couler l&rsquo;or vol\u00e9 par les bandits en faisant croire que leur butin provient officiellement de la mine. Il donne en outre l&rsquo;ordre de faire abattre l&rsquo;un de ses anciens complices, William Beauregard, le fr\u00e8re du c\u00e9l\u00e8bre pistolero Jack Beauregard (Henry Fonda). Il engage alors Personne (Terence Hill), une g\u00e2chette particuli\u00e8rement redoutable. Sergio Leone eut l&rsquo;id\u00e9e originale du film, mais par lassitude du western il en confia la r\u00e9alisation \u00e0 Tonino Valerii, son fils spirituel. Il ne put toutefois s&#8217;emp\u00eacher de tourner certains.<\/p>\n\n\n\n<div class=\"wp-block-buttons is-content-justification-right is-layout-flex wp-container-core-buttons-is-layout-d445cf74 wp-block-buttons-is-layout-flex\">\n<div class=\"wp-block-button is-style-shadow\"><a class=\"wp-block-button__link has-background wp-element-button\" href=\"https:\/\/achat.cgrcinemas.fr\/rodez\/reserver\/F50579\/D1695146400\/VO\/269732\/\" style=\"border-radius:20px;background-color:#04627c\" target=\"_blank\" rel=\"noreferrer noopener nofollow\">R\u00e9server votre s\u00e9ance<\/a><\/div>\n<\/div>\n\n\n\n<div style=\"height:30px\" aria-hidden=\"true\" class=\"wp-block-spacer\"><\/div>\n\n\n\n<figure class=\"wp-block-embed is-type-video is-provider-youtube wp-block-embed-youtube wp-embed-aspect-4-3 wp-has-aspect-ratio\"><div class=\"wp-block-embed__wrapper\">\n<iframe title=\"Mon nom est Personne - bande annonce\" width=\"800\" height=\"600\" src=\"https:\/\/www.youtube.com\/embed\/s89Bn6R1am0?feature=oembed\" frameborder=\"0\" allow=\"accelerometer; autoplay; clipboard-write; encrypted-media; gyroscope; picture-in-picture; web-share\" referrerpolicy=\"strict-origin-when-cross-origin\" allowfullscreen><\/iframe>\n<\/div><\/figure>\n","protected":false},"excerpt":{"rendered":"<p>Mon nom est Personne pour la seconde projection de saison 2023-2024 des Plans Cultes ce mardi 19 septembre \u00e0 20h au cin\u00e9ma CGR de Rodez. Synopsis :&nbsp; En 1895, une bande de 150 tueurs, \u00ab\u00a0La Horde sauvage\u00a0\u00bb, fait r\u00e9gner la terreur \u00e0 travers plusieurs Etats. Sullivan (Jean Martin), ex-aventurier sans crupule, tueur \u00e0 gages, chercheur [&hellip;]<\/p>\n","protected":false},"author":1,"featured_media":17956,"comment_status":"open","ping_status":"open","sticky":false,"template":"","format":"standard","meta":{"footnotes":""},"categories":[24,1345],"tags":[155,67,1344,64],"class_list":["post-18242","post","type-post","status-publish","format-standard","has-post-thumbnail","hentry","category-les-rendez-vous","category-plans-cultes","tag-aveyron","tag-cinema","tag-plans-cultes","tag-rodez"],"views":57,"_links":{"self":[{"href":"https:\/\/www.aveyronline.net\/index.php\/wp-json\/wp\/v2\/posts\/18242","targetHints":{"allow":["GET"]}}],"collection":[{"href":"https:\/\/www.aveyronline.net\/index.php\/wp-json\/wp\/v2\/posts"}],"about":[{"href":"https:\/\/www.aveyronline.net\/index.php\/wp-json\/wp\/v2\/types\/post"}],"author":[{"embeddable":true,"href":"https:\/\/www.aveyronline.net\/index.php\/wp-json\/wp\/v2\/users\/1"}],"replies":[{"embeddable":true,"href":"https:\/\/www.aveyronline.net\/index.php\/wp-json\/wp\/v2\/comments?post=18242"}],"version-history":[{"count":3,"href":"https:\/\/www.aveyronline.net\/index.php\/wp-json\/wp\/v2\/posts\/18242\/revisions"}],"predecessor-version":[{"id":18247,"href":"https:\/\/www.aveyronline.net\/index.php\/wp-json\/wp\/v2\/posts\/18242\/revisions\/18247"}],"wp:featuredmedia":[{"embeddable":true,"href":"https:\/\/www.aveyronline.net\/index.php\/wp-json\/wp\/v2\/media\/17956"}],"wp:attachment":[{"href":"https:\/\/www.aveyronline.net\/index.php\/wp-json\/wp\/v2\/media?parent=18242"}],"wp:term":[{"taxonomy":"category","embeddable":true,"href":"https:\/\/www.aveyronline.net\/index.php\/wp-json\/wp\/v2\/categories?post=18242"},{"taxonomy":"post_tag","embeddable":true,"href":"https:\/\/www.aveyronline.net\/index.php\/wp-json\/wp\/v2\/tags?post=18242"}],"curies":[{"name":"wp","href":"https:\/\/api.w.org\/{rel}","templated":true}]}}