{"id":20082,"date":"2024-06-04T13:16:40","date_gmt":"2024-06-04T11:16:40","guid":{"rendered":"https:\/\/www.aveyronline.net\/?p=20082"},"modified":"2025-01-19T16:20:16","modified_gmt":"2025-01-19T15:20:16","slug":"meriel-chambre-photo","status":"publish","type":"post","link":"https:\/\/www.aveyronline.net\/index.php\/2024\/06\/04\/meriel-chambre-photo\/","title":{"rendered":"Olivier M\u00e9riel, chambre avec vue&#8230;"},"content":{"rendered":"\n<h4 class=\"wp-block-heading\"><strong>En r\u00e9sidence photographique dans le Vallon de Marcillac, Olivier Meriel, photographe de Saint Aubin sur Mer (Calvados) travaille sur le vignoble, ses hommes et son patrimoine. Son travail \u00e0 la chambre photographique <\/strong><em>(40 \u00e0 50 photographies)<\/em><strong> sera expos\u00e9 dans le cadre des 35 ans de l&rsquo;AOP du Vin de Marcillac et donnera lieu \u00e0 l&rsquo;\u00e9dition d&rsquo;un livre d&rsquo;art. <\/strong> <\/h4>\n\n\n\n<div class=\"wp-block-columns is-layout-flex wp-container-core-columns-is-layout-28f84493 wp-block-columns-is-layout-flex\">\n<div class=\"wp-block-column is-layout-flow wp-block-column-is-layout-flow\">\n<figure class=\"wp-block-image size-full\"><img fetchpriority=\"high\" decoding=\"async\" width=\"768\" height=\"1024\" src=\"https:\/\/www.aveyronline.net\/wp-content\/uploads\/2024\/06\/O_Meriel-Portrait00.jpg\" alt=\"\" class=\"wp-image-20085\" title=\"\" srcset=\"https:\/\/www.aveyronline.net\/wp-content\/uploads\/2024\/06\/O_Meriel-Portrait00.jpg 768w, https:\/\/www.aveyronline.net\/wp-content\/uploads\/2024\/06\/O_Meriel-Portrait00-225x300.jpg 225w, https:\/\/www.aveyronline.net\/wp-content\/uploads\/2024\/06\/O_Meriel-Portrait00-696x928.jpg 696w, https:\/\/www.aveyronline.net\/wp-content\/uploads\/2024\/06\/O_Meriel-Portrait00-315x420.jpg 315w\" sizes=\"(max-width: 768px) 100vw, 768px\" \/><\/figure>\n<\/div>\n\n\n\n<div class=\"wp-block-column is-layout-flow wp-block-column-is-layout-flow\">\n<div style=\"height:40px\" aria-hidden=\"true\" class=\"wp-block-spacer\"><\/div>\n\n\n\n<p>\u00ab&nbsp;<em>Homme libre, toujours tu ch\u00e9riras la mer<\/em>&nbsp;\u00bb a \u00e9crit Baudelaire. Un vers qui sied \u00e0 Olivier M\u00e9riel, photographe autodidacte et ind\u00e9pendant, n\u00e9 \u00e0 Aubin-sur-Mer qui trace sa voie depuis plus de 40 ans, entre ciel et mer pour po\u00e9tiser le monde. Montrer par le pas de c\u00f4t\u00e9. Car la v\u00e9rit\u00e9 est toujours cach\u00e9e dans la beaut\u00e9. Olivier M\u00e9riel am\u00e8ne sa pierre au c\u0153ur des \u00e9l\u00e9ments pour immortaliser l\u2019instant. L\u2019heure bleue dans le blanc des yeux. Parce que l\u2019\u0153il ne distingue que les couleurs primaires, il photographie en noir et blanc pour ouvrir le champ des possibles de son nuancier qui va d\u2019ici-bas \u00e0 l\u2019au-del\u00e0.<\/p>\n<\/div>\n<\/div>\n\n\n\n<p>Olivier M\u00e9riel a choisi la <a href=\"https:\/\/fr.wikipedia.org\/wiki\/Chambre_photographique#:~:text=Une%20chambre%20photographique%20est%20un,de%2050%20\u00d7%2060%20cm%20.\" target=\"_blank\" rel=\"noreferrer noopener nofollow\">chambre photographique<\/a> pour nourrir sa part de r\u00eave que la nature lui donne dans le r\u00e9el. Capter l\u2019essentiel dans les interstices. Hors de l\u2019espace-temps pour \u00e9terniser l\u2019\u00e9ph\u00e9m\u00e8re. Du grand Nord aux \u00eeles anglo-normandes pour immortaliser la biblioth\u00e8que de Victor Hugo, aux <a href=\"https:\/\/www.aveyronline.net\/index.php\/2022\/10\/21\/conques-chemin-lumiere\/\" data-type=\"post\" data-id=\"11698\">vitraux de Soulage<\/a>s en passant par la Toscane, tout est lumi\u00e8re.&nbsp;<\/p>\n\n\n\n<div class=\"wp-block-columns is-layout-flex wp-container-core-columns-is-layout-28f84493 wp-block-columns-is-layout-flex\">\n<div class=\"wp-block-column is-layout-flow wp-block-column-is-layout-flow\">\n<figure class=\"wp-block-image size-full\"><img decoding=\"async\" width=\"1024\" height=\"768\" src=\"https:\/\/www.aveyronline.net\/wp-content\/uploads\/2024\/06\/O_Meriel-Residence-02.jpg\" alt=\"\" class=\"wp-image-20089\" title=\"\" srcset=\"https:\/\/www.aveyronline.net\/wp-content\/uploads\/2024\/06\/O_Meriel-Residence-02.jpg 1024w, https:\/\/www.aveyronline.net\/wp-content\/uploads\/2024\/06\/O_Meriel-Residence-02-300x225.jpg 300w, https:\/\/www.aveyronline.net\/wp-content\/uploads\/2024\/06\/O_Meriel-Residence-02-768x576.jpg 768w, https:\/\/www.aveyronline.net\/wp-content\/uploads\/2024\/06\/O_Meriel-Residence-02-696x522.jpg 696w, https:\/\/www.aveyronline.net\/wp-content\/uploads\/2024\/06\/O_Meriel-Residence-02-560x420.jpg 560w, https:\/\/www.aveyronline.net\/wp-content\/uploads\/2024\/06\/O_Meriel-Residence-02-80x60.jpg 80w, https:\/\/www.aveyronline.net\/wp-content\/uploads\/2024\/06\/O_Meriel-Residence-02-265x198.jpg 265w\" sizes=\"(max-width: 1024px) 100vw, 1024px\" \/><\/figure>\n<\/div>\n\n\n\n<div class=\"wp-block-column is-layout-flow wp-block-column-is-layout-flow\">\n<figure class=\"wp-block-image size-full\"><img decoding=\"async\" width=\"1024\" height=\"768\" src=\"https:\/\/www.aveyronline.net\/wp-content\/uploads\/2024\/06\/O_Meriel-Residence-03.jpg\" alt=\"\" class=\"wp-image-20090\" title=\"\" srcset=\"https:\/\/www.aveyronline.net\/wp-content\/uploads\/2024\/06\/O_Meriel-Residence-03.jpg 1024w, https:\/\/www.aveyronline.net\/wp-content\/uploads\/2024\/06\/O_Meriel-Residence-03-300x225.jpg 300w, https:\/\/www.aveyronline.net\/wp-content\/uploads\/2024\/06\/O_Meriel-Residence-03-768x576.jpg 768w, https:\/\/www.aveyronline.net\/wp-content\/uploads\/2024\/06\/O_Meriel-Residence-03-696x522.jpg 696w, https:\/\/www.aveyronline.net\/wp-content\/uploads\/2024\/06\/O_Meriel-Residence-03-560x420.jpg 560w, https:\/\/www.aveyronline.net\/wp-content\/uploads\/2024\/06\/O_Meriel-Residence-03-80x60.jpg 80w, https:\/\/www.aveyronline.net\/wp-content\/uploads\/2024\/06\/O_Meriel-Residence-03-265x198.jpg 265w\" sizes=\"(max-width: 1024px) 100vw, 1024px\" \/><\/figure>\n<\/div>\n\n\n\n<div class=\"wp-block-column is-layout-flow wp-block-column-is-layout-flow\">\n<figure class=\"wp-block-image size-full\"><img loading=\"lazy\" decoding=\"async\" width=\"1024\" height=\"768\" src=\"https:\/\/www.aveyronline.net\/wp-content\/uploads\/2024\/06\/O_Meriel-Residence-04.jpg\" alt=\"\" class=\"wp-image-20091\" title=\"\" srcset=\"https:\/\/www.aveyronline.net\/wp-content\/uploads\/2024\/06\/O_Meriel-Residence-04.jpg 1024w, https:\/\/www.aveyronline.net\/wp-content\/uploads\/2024\/06\/O_Meriel-Residence-04-300x225.jpg 300w, https:\/\/www.aveyronline.net\/wp-content\/uploads\/2024\/06\/O_Meriel-Residence-04-768x576.jpg 768w, https:\/\/www.aveyronline.net\/wp-content\/uploads\/2024\/06\/O_Meriel-Residence-04-696x522.jpg 696w, https:\/\/www.aveyronline.net\/wp-content\/uploads\/2024\/06\/O_Meriel-Residence-04-560x420.jpg 560w, https:\/\/www.aveyronline.net\/wp-content\/uploads\/2024\/06\/O_Meriel-Residence-04-80x60.jpg 80w, https:\/\/www.aveyronline.net\/wp-content\/uploads\/2024\/06\/O_Meriel-Residence-04-265x198.jpg 265w\" sizes=\"(max-width: 1024px) 100vw, 1024px\" \/><\/figure>\n<\/div>\n<\/div>\n\n\n\n<p>Le voil\u00e0 qu\u2019il quitte son port d\u2019attache pour remonter \u00e0 la source. Raconter en argentique <strong><em>la noix de Saint-Jacques<\/em><\/strong>, <em><strong>le lin<\/strong><\/em> puis <strong><em>le vin<\/em><\/strong> comme un fil d\u2019Ariane o\u00f9 le lien est l\u2019humain. La main de l\u2019Homme et le merveilleux car, pour reprendre Victor Hugo, auteur familier du photographe&nbsp;: \u00ab&nbsp;<em>Tout destin montre et nomme.<\/em>&nbsp;\u00bb<\/p>\n\n\n\n<div class=\"wp-block-columns is-layout-flex wp-container-core-columns-is-layout-28f84493 wp-block-columns-is-layout-flex\">\n<div class=\"wp-block-column is-layout-flow wp-block-column-is-layout-flow\">\n<p>Au fil des saisons, il invite \u00e0 voir na\u00eetre, \u00eatre et devenir ces trois savoir-faire comme des cycles de vie. Fragile et rustique comme le lin, comme le vin qui vient de la vigne et des noix sorties de leurs coquilles. L\u2019or des mers, l\u2019anc\u00eatre du futur et les gens de vigne, tel est nomm\u00e9 ce triptyque symbolique o\u00f9 la sensibilit\u00e9 et l\u2019intuition d\u2019Olivier M\u00e9riel embarque pour un voyage en images au long cours. <\/p>\n<\/div>\n\n\n\n<div class=\"wp-block-column is-layout-flow wp-block-column-is-layout-flow\">\n<figure class=\"wp-block-image size-large\"><img loading=\"lazy\" decoding=\"async\" width=\"1024\" height=\"767\" src=\"https:\/\/www.aveyronline.net\/wp-content\/uploads\/2024\/06\/Cave01-1024x767.jpg\" alt=\"Vue de la cave du domaine de la Carolie \u00e0 Valady\" class=\"wp-image-20092\" title=\"\" srcset=\"https:\/\/www.aveyronline.net\/wp-content\/uploads\/2024\/06\/Cave01-1024x767.jpg 1024w, https:\/\/www.aveyronline.net\/wp-content\/uploads\/2024\/06\/Cave01-300x225.jpg 300w, https:\/\/www.aveyronline.net\/wp-content\/uploads\/2024\/06\/Cave01-768x575.jpg 768w, https:\/\/www.aveyronline.net\/wp-content\/uploads\/2024\/06\/Cave01-696x521.jpg 696w, https:\/\/www.aveyronline.net\/wp-content\/uploads\/2024\/06\/Cave01-1068x800.jpg 1068w, https:\/\/www.aveyronline.net\/wp-content\/uploads\/2024\/06\/Cave01-561x420.jpg 561w, https:\/\/www.aveyronline.net\/wp-content\/uploads\/2024\/06\/Cave01-80x60.jpg 80w, https:\/\/www.aveyronline.net\/wp-content\/uploads\/2024\/06\/Cave01-265x198.jpg 265w, https:\/\/www.aveyronline.net\/wp-content\/uploads\/2024\/06\/Cave01.jpg 1200w\" sizes=\"(max-width: 1024px) 100vw, 1024px\" \/><\/figure>\n<\/div>\n<\/div>\n\n\n\n<div class=\"wp-block-columns is-layout-flex wp-container-core-columns-is-layout-28f84493 wp-block-columns-is-layout-flex\">\n<div class=\"wp-block-column is-layout-flow wp-block-column-is-layout-flow\">\n<figure class=\"wp-block-image size-full\"><img loading=\"lazy\" decoding=\"async\" width=\"1024\" height=\"768\" src=\"https:\/\/www.aveyronline.net\/wp-content\/uploads\/2024\/06\/O_Meriel-Residence-05-1.jpg\" alt=\"\" class=\"wp-image-20098\" title=\"\" srcset=\"https:\/\/www.aveyronline.net\/wp-content\/uploads\/2024\/06\/O_Meriel-Residence-05-1.jpg 1024w, https:\/\/www.aveyronline.net\/wp-content\/uploads\/2024\/06\/O_Meriel-Residence-05-1-300x225.jpg 300w, https:\/\/www.aveyronline.net\/wp-content\/uploads\/2024\/06\/O_Meriel-Residence-05-1-768x576.jpg 768w, https:\/\/www.aveyronline.net\/wp-content\/uploads\/2024\/06\/O_Meriel-Residence-05-1-696x522.jpg 696w, https:\/\/www.aveyronline.net\/wp-content\/uploads\/2024\/06\/O_Meriel-Residence-05-1-560x420.jpg 560w, https:\/\/www.aveyronline.net\/wp-content\/uploads\/2024\/06\/O_Meriel-Residence-05-1-80x60.jpg 80w, https:\/\/www.aveyronline.net\/wp-content\/uploads\/2024\/06\/O_Meriel-Residence-05-1-265x198.jpg 265w\" sizes=\"(max-width: 1024px) 100vw, 1024px\" \/><\/figure>\n<\/div>\n\n\n\n<div class=\"wp-block-column is-layout-flow wp-block-column-is-layout-flow\">\n<figure class=\"wp-block-image aligncenter size-full is-resized\"><img loading=\"lazy\" decoding=\"async\" width=\"768\" height=\"865\" src=\"https:\/\/www.aveyronline.net\/wp-content\/uploads\/2024\/06\/O_Meriel-Residence-08.jpg\" alt=\"\" class=\"wp-image-20097\" style=\"width:234px;height:auto\" title=\"\" srcset=\"https:\/\/www.aveyronline.net\/wp-content\/uploads\/2024\/06\/O_Meriel-Residence-08.jpg 768w, https:\/\/www.aveyronline.net\/wp-content\/uploads\/2024\/06\/O_Meriel-Residence-08-266x300.jpg 266w, https:\/\/www.aveyronline.net\/wp-content\/uploads\/2024\/06\/O_Meriel-Residence-08-696x784.jpg 696w, https:\/\/www.aveyronline.net\/wp-content\/uploads\/2024\/06\/O_Meriel-Residence-08-373x420.jpg 373w\" sizes=\"(max-width: 768px) 100vw, 768px\" \/><\/figure>\n<\/div>\n\n\n\n<div class=\"wp-block-column is-layout-flow wp-block-column-is-layout-flow\">\n<figure class=\"wp-block-image size-full\"><img loading=\"lazy\" decoding=\"async\" width=\"1024\" height=\"768\" src=\"https:\/\/www.aveyronline.net\/wp-content\/uploads\/2024\/06\/O_Meriel-Residence-06-1.jpg\" alt=\"\" class=\"wp-image-20099\" title=\"\" srcset=\"https:\/\/www.aveyronline.net\/wp-content\/uploads\/2024\/06\/O_Meriel-Residence-06-1.jpg 1024w, https:\/\/www.aveyronline.net\/wp-content\/uploads\/2024\/06\/O_Meriel-Residence-06-1-300x225.jpg 300w, https:\/\/www.aveyronline.net\/wp-content\/uploads\/2024\/06\/O_Meriel-Residence-06-1-768x576.jpg 768w, https:\/\/www.aveyronline.net\/wp-content\/uploads\/2024\/06\/O_Meriel-Residence-06-1-696x522.jpg 696w, https:\/\/www.aveyronline.net\/wp-content\/uploads\/2024\/06\/O_Meriel-Residence-06-1-560x420.jpg 560w, https:\/\/www.aveyronline.net\/wp-content\/uploads\/2024\/06\/O_Meriel-Residence-06-1-80x60.jpg 80w, https:\/\/www.aveyronline.net\/wp-content\/uploads\/2024\/06\/O_Meriel-Residence-06-1-265x198.jpg 265w\" sizes=\"(max-width: 1024px) 100vw, 1024px\" \/><\/figure>\n<\/div>\n<\/div>\n\n\n\n<p>Il y a le souffle de l\u2019esprit depuis la nuit des temps, le d\u00e9tail qui r\u00e9v\u00e8le la lumi\u00e8re comme celle ressentie en Islande en 1982. Une qu\u00eate de lumi\u00e8re comme le paradis perdu qui appara\u00eet, ici, \u00e0 qui veut bien le voir, dans la gr\u00e2ce de l\u2019imagination. Et alors, des mers, d\u2019hier et pour demain, tout le bonheur des hommes pour d\u00e9former Pascal, vient qu\u2019Olivier M\u00e9riel n\u2019ait pas su demeurer au repos dans sa chambre. Car c\u2019est dans l\u2019ailleurs que l\u2019on vit son aventure int\u00e9rieure et rend hommage \u00e0 l\u2019Humanit\u00e9.<\/p>\n\n\n\n<figure class=\"wp-block-embed is-type-video is-provider-youtube wp-block-embed-youtube wp-embed-aspect-16-9 wp-has-aspect-ratio\"><div class=\"wp-block-embed__wrapper\">\n<iframe title=\"L\u00eele dans les Isles  - Court documentaire sur Olivier M\u00e9riel, photographe \u00e0 la chambre\" width=\"800\" height=\"450\" src=\"https:\/\/www.youtube.com\/embed\/kxQ8_uA0suc?feature=oembed\" frameborder=\"0\" allow=\"accelerometer; autoplay; clipboard-write; encrypted-media; gyroscope; picture-in-picture; web-share\" referrerpolicy=\"strict-origin-when-cross-origin\" allowfullscreen><\/iframe>\n<\/div><figcaption class=\"wp-element-caption\"><sup>Portrait pour l&rsquo;exposition <em>\u00ab\u00a0L&rsquo;\u00eele dans les Isles\u00a0\u00bb<\/em> &#8211; Mus\u00e9e de Normandie &#8211; 2022<\/sup><\/figcaption><\/figure>\n\n\n\n<p class=\"has-text-align-right\">Plus d&rsquo;informations sur Olivier Meriel : <strong><a href=\"https:\/\/www.lanauze.com\/edt-olivier-meriel\/\" target=\"_blank\" rel=\"noreferrer noopener nofollow\">cliquez-ici<\/a><\/strong><\/p>\n","protected":false},"excerpt":{"rendered":"<p>Olivier Meriel en r\u00e9sidence pour un travail \u00e0 la chambre photographique dans le Vallon de Marcillac avec  une restitution des photographies en 2025 avec la sortie d&rsquo;un livre d&rsquo;art et d&rsquo;exposition.<\/p>\n","protected":false},"author":10,"featured_media":20087,"comment_status":"open","ping_status":"open","sticky":false,"template":"","format":"standard","meta":{"footnotes":""},"categories":[1474,16,58,17],"tags":[1387,1476,1103,1388,1389,155,204,1105,1391,1393,389,1394,291,1293,853,1390],"class_list":["post-20082","post","type-post","status-publish","format-standard","has-post-thumbnail","hentry","category-35ans-aop-marcillac","category-culture","category-patrimoine","category-savoir-faire","tag-chambre-photographique","tag-35ans-aop-marcillac","tag-abbatiale","tag-argentic","tag-argentique","tag-aveyron","tag-conques","tag-nb","tag-normandie","tag-photo","tag-photographie","tag-tirage","tag-vallon","tag-vignoble","tag-vin","tag-vitraux"],"views":579,"_links":{"self":[{"href":"https:\/\/www.aveyronline.net\/index.php\/wp-json\/wp\/v2\/posts\/20082","targetHints":{"allow":["GET"]}}],"collection":[{"href":"https:\/\/www.aveyronline.net\/index.php\/wp-json\/wp\/v2\/posts"}],"about":[{"href":"https:\/\/www.aveyronline.net\/index.php\/wp-json\/wp\/v2\/types\/post"}],"author":[{"embeddable":true,"href":"https:\/\/www.aveyronline.net\/index.php\/wp-json\/wp\/v2\/users\/10"}],"replies":[{"embeddable":true,"href":"https:\/\/www.aveyronline.net\/index.php\/wp-json\/wp\/v2\/comments?post=20082"}],"version-history":[{"count":10,"href":"https:\/\/www.aveyronline.net\/index.php\/wp-json\/wp\/v2\/posts\/20082\/revisions"}],"predecessor-version":[{"id":20105,"href":"https:\/\/www.aveyronline.net\/index.php\/wp-json\/wp\/v2\/posts\/20082\/revisions\/20105"}],"wp:featuredmedia":[{"embeddable":true,"href":"https:\/\/www.aveyronline.net\/index.php\/wp-json\/wp\/v2\/media\/20087"}],"wp:attachment":[{"href":"https:\/\/www.aveyronline.net\/index.php\/wp-json\/wp\/v2\/media?parent=20082"}],"wp:term":[{"taxonomy":"category","embeddable":true,"href":"https:\/\/www.aveyronline.net\/index.php\/wp-json\/wp\/v2\/categories?post=20082"},{"taxonomy":"post_tag","embeddable":true,"href":"https:\/\/www.aveyronline.net\/index.php\/wp-json\/wp\/v2\/tags?post=20082"}],"curies":[{"name":"wp","href":"https:\/\/api.w.org\/{rel}","templated":true}]}}