{"id":22516,"date":"2024-11-08T11:34:30","date_gmt":"2024-11-08T10:34:30","guid":{"rendered":"https:\/\/www.aveyronline.net\/?p=22516"},"modified":"2024-11-08T11:45:19","modified_gmt":"2024-11-08T10:45:19","slug":"biennale-livre2024","status":"publish","type":"post","link":"https:\/\/www.aveyronline.net\/index.php\/2024\/11\/08\/biennale-livre2024\/","title":{"rendered":"4\u00e8me Biennale du livre d&rsquo;artiste de Rodez"},"content":{"rendered":"\t\t<div data-elementor-type=\"wp-post\" data-elementor-id=\"22516\" class=\"elementor elementor-22516\" data-elementor-post-type=\"post\">\n\t\t\t\t\t\t<section class=\"elementor-section elementor-top-section elementor-element elementor-element-ee53b6d elementor-section-full_width elementor-section-height-default elementor-section-height-default\" data-id=\"ee53b6d\" data-element_type=\"section\" data-e-type=\"section\">\n\t\t\t\t\t\t<div class=\"elementor-container elementor-column-gap-default\">\n\t\t\t\t\t<div class=\"elementor-column elementor-col-100 elementor-top-column elementor-element elementor-element-c4bebda\" data-id=\"c4bebda\" data-element_type=\"column\" data-e-type=\"column\">\n\t\t\t<div class=\"elementor-widget-wrap elementor-element-populated\">\n\t\t\t\t\t\t<div class=\"elementor-element elementor-element-9c1edaf elementor-widget elementor-widget-heading\" data-id=\"9c1edaf\" data-element_type=\"widget\" data-e-type=\"widget\" data-widget_type=\"heading.default\">\n\t\t\t\t<div class=\"elementor-widget-container\">\n\t\t\t\t\t<h2 class=\"elementor-heading-title elementor-size-default\">Art\u2019Infolio<\/h2>\t\t\t\t<\/div>\n\t\t\t\t<\/div>\n\t\t\t\t<div class=\"elementor-element elementor-element-e7bfbae elementor-widget elementor-widget-heading\" data-id=\"e7bfbae\" data-element_type=\"widget\" data-e-type=\"widget\" data-widget_type=\"heading.default\">\n\t\t\t\t<div class=\"elementor-widget-container\">\n\t\t\t\t\t<h2 class=\"elementor-heading-title elementor-size-default\">4\u00e8me biennale du livre d\u2019artiste\nl\u2019Art se livre en Aveyron\n<\/h2>\t\t\t\t<\/div>\n\t\t\t\t<\/div>\n\t\t\t\t<div class=\"elementor-element elementor-element-11f62ae elementor-widget elementor-widget-text-editor\" data-id=\"11f62ae\" data-element_type=\"widget\" data-e-type=\"widget\" data-widget_type=\"text-editor.default\">\n\t\t\t\t<div class=\"elementor-widget-container\">\n\t\t\t\t\t\t\t\t\t<p><strong>Les 9 et 10 novembre, se d\u00e9rouleront \u00e0 la Salle des F\u00eates de Rodez la <span class=\"Aucun\" style=\"font-size: 16px;\">4<\/span><span class=\"Aucun\" style=\"font-size: 16px;\"><sup>e<\/sup><\/span><span class=\"Aucun\" style=\"font-size: 16px;\"> biennale du livre d\u2019artiste. <\/span><\/strong><strong>Art\u2019in folio met \u00e0 l\u2019honneur le livre d\u2019artiste, et rassemble les visiteurs autour d\u2019une programmation accueillie dans divers lieux culturels en Aveyron avec, en point d\u2019orgue la pr\u00e9sentation des ouvrages d\u2019une trentaine d\u2019exposants venus de toute la France.<\/strong><\/p><div><p class=\"TitreA\" align=\"center\">\u00a0<\/p><\/div>\t\t\t\t\t\t\t\t<\/div>\n\t\t\t\t<\/div>\n\t\t\t\t<section class=\"elementor-section elementor-inner-section elementor-element elementor-element-dd12f59 elementor-section-boxed elementor-section-height-default elementor-section-height-default\" data-id=\"dd12f59\" data-element_type=\"section\" data-e-type=\"section\">\n\t\t\t\t\t\t<div class=\"elementor-container elementor-column-gap-default\">\n\t\t\t\t\t<div class=\"elementor-column elementor-col-33 elementor-inner-column elementor-element elementor-element-9665716\" data-id=\"9665716\" data-element_type=\"column\" data-e-type=\"column\">\n\t\t\t<div class=\"elementor-widget-wrap\">\n\t\t\t\t\t\t\t<\/div>\n\t\t<\/div>\n\t\t\t\t<div class=\"elementor-column elementor-col-33 elementor-inner-column elementor-element elementor-element-e9e7a3a\" data-id=\"e9e7a3a\" data-element_type=\"column\" data-e-type=\"column\">\n\t\t\t<div class=\"elementor-widget-wrap elementor-element-populated\">\n\t\t\t\t\t\t<div class=\"elementor-element elementor-element-6e262c3 elementor-widget elementor-widget-image\" data-id=\"6e262c3\" data-element_type=\"widget\" data-e-type=\"widget\" data-widget_type=\"image.default\">\n\t\t\t\t<div class=\"elementor-widget-container\">\n\t\t\t\t\t\t\t\t\t\t\t\t\t\t\t<img fetchpriority=\"high\" decoding=\"async\" width=\"724\" height=\"1024\" src=\"https:\/\/www.aveyronline.net\/wp-content\/uploads\/2024\/11\/Affiche-Biennale2024-724x1024.jpg\" class=\"attachment-large size-large wp-image-22519\" alt=\"\" srcset=\"https:\/\/www.aveyronline.net\/wp-content\/uploads\/2024\/11\/Affiche-Biennale2024-724x1024.jpg 724w, https:\/\/www.aveyronline.net\/wp-content\/uploads\/2024\/11\/Affiche-Biennale2024-212x300.jpg 212w, https:\/\/www.aveyronline.net\/wp-content\/uploads\/2024\/11\/Affiche-Biennale2024-768x1086.jpg 768w, https:\/\/www.aveyronline.net\/wp-content\/uploads\/2024\/11\/Affiche-Biennale2024.jpg 842w\" sizes=\"(max-width: 724px) 100vw, 724px\" title=\"\">\t\t\t\t\t\t\t\t\t\t\t\t\t\t\t<\/div>\n\t\t\t\t<\/div>\n\t\t\t\t\t<\/div>\n\t\t<\/div>\n\t\t\t\t<div class=\"elementor-column elementor-col-33 elementor-inner-column elementor-element elementor-element-24752ca\" data-id=\"24752ca\" data-element_type=\"column\" data-e-type=\"column\">\n\t\t\t<div class=\"elementor-widget-wrap\">\n\t\t\t\t\t\t\t<\/div>\n\t\t<\/div>\n\t\t\t\t\t<\/div>\n\t\t<\/section>\n\t\t\t\t\t<\/div>\n\t\t<\/div>\n\t\t\t\t\t<\/div>\n\t\t<\/section>\n\t\t\t\t<section class=\"elementor-section elementor-top-section elementor-element elementor-element-61933c2 elementor-section-boxed elementor-section-height-default elementor-section-height-default\" data-id=\"61933c2\" data-element_type=\"section\" data-e-type=\"section\">\n\t\t\t\t\t\t<div class=\"elementor-container elementor-column-gap-default\">\n\t\t\t\t\t<div class=\"elementor-column elementor-col-100 elementor-top-column elementor-element elementor-element-f5bcbe1\" data-id=\"f5bcbe1\" data-element_type=\"column\" data-e-type=\"column\">\n\t\t\t<div class=\"elementor-widget-wrap elementor-element-populated\">\n\t\t\t\t\t\t<div class=\"elementor-element elementor-element-1cc4023 elementor-widget elementor-widget-text-editor\" data-id=\"1cc4023\" data-element_type=\"widget\" data-e-type=\"widget\" data-widget_type=\"text-editor.default\">\n\t\t\t\t<div class=\"elementor-widget-container\">\n\t\t\t\t\t\t\t\t\t<div><p class=\"Corps\">Les trois premi<span lang=\"IT\">\u00e8<\/span>res \u00e9ditions de la <strong>Biennale du livre d<span dir=\"RTL\" lang=\"AR-SA\">\u2019<\/span><\/strong><span lang=\"NL\"><strong>artiste de Rode<\/strong>z -Art<\/span><span dir=\"RTL\" lang=\"AR-SA\">\u2019<\/span><span lang=\"IT\">Infolio- cr<\/span>\u00e9\u00e9e en 2017 par les Amis du mus\u00e9e Soulages, ayant remport\u00e9 un vif succ<span lang=\"IT\">\u00e8<\/span>s et contribu\u00e9 \u00e0 faire de la capitale ruth\u00e9noise un p\u00f4le d<span dir=\"RTL\" lang=\"AR-SA\">\u2019<\/span>attraction culturel important, la quatri<span lang=\"IT\">\u00e8<\/span>me \u00e9dition se tiendra les 9 et 10 novembre 2024, salle des f\u00ea<span lang=\"ES-TRAD\">tes de Rodez. L<\/span><span dir=\"RTL\" lang=\"AR-SA\">\u2019<\/span>organisation est \u00e9tablie par l<span dir=\"RTL\" lang=\"AR-SA\">\u2019<\/span>association Art<span dir=\"RTL\" lang=\"AR-SA\">\u2019<\/span>Infolio dont le seul but est la p\u00e9<span lang=\"NL\">rennit\u00e9<\/span>\u00e9 de la Biennale et son rayonnement au-del\u00e0 de l<span dir=\"RTL\" lang=\"AR-SA\">\u2019<\/span>Aveyron. Ce projet culturel a pour objectif de permettre au grand public de d\u00e9couvrir toutes les facettes de la cr\u00e9ation d<span dir=\"RTL\" lang=\"AR-SA\">\u2019<\/span>un livre d<span dir=\"RTL\" lang=\"AR-SA\">\u2019<\/span>artiste, aux amateurs d<span dir=\"RTL\" lang=\"AR-SA\">\u2019<\/span>art de satisfaire leur go\u00fbt du travail bien fait ainsi qu\u2019\u00e0 la jeunesse de s<span dir=\"RTL\" lang=\"AR-SA\">\u2019<\/span>impliquer dans la programmation en partenariat avec une \u00e9quipe \u00ab\u00a0p\u00e9dagogique<span lang=\"IT\">\u00a0\u00bb <\/span>prometteuse de belles surprises.<\/p><\/div>\t\t\t\t\t\t\t\t<\/div>\n\t\t\t\t<\/div>\n\t\t\t\t<div class=\"elementor-element elementor-element-7bb6fe2 elementor-widget-divider--view-line elementor-widget elementor-widget-divider\" data-id=\"7bb6fe2\" data-element_type=\"widget\" data-e-type=\"widget\" data-widget_type=\"divider.default\">\n\t\t\t\t<div class=\"elementor-widget-container\">\n\t\t\t\t\t\t\t<div class=\"elementor-divider\">\n\t\t\t<span class=\"elementor-divider-separator\">\n\t\t\t\t\t\t<\/span>\n\t\t<\/div>\n\t\t\t\t\t\t<\/div>\n\t\t\t\t<\/div>\n\t\t\t\t\t<\/div>\n\t\t<\/div>\n\t\t\t\t\t<\/div>\n\t\t<\/section>\n\t\t\t\t<section class=\"elementor-section elementor-top-section elementor-element elementor-element-aa87be9 elementor-section-boxed elementor-section-height-default elementor-section-height-default\" data-id=\"aa87be9\" data-element_type=\"section\" data-e-type=\"section\">\n\t\t\t\t\t\t<div class=\"elementor-container elementor-column-gap-default\">\n\t\t\t\t\t<div class=\"elementor-column elementor-col-100 elementor-top-column elementor-element elementor-element-bb60ecc\" data-id=\"bb60ecc\" data-element_type=\"column\" data-e-type=\"column\">\n\t\t\t<div class=\"elementor-widget-wrap elementor-element-populated\">\n\t\t\t\t\t\t<div class=\"elementor-element elementor-element-3dc3fa9 elementor-widget elementor-widget-heading\" data-id=\"3dc3fa9\" data-element_type=\"widget\" data-e-type=\"widget\" data-widget_type=\"heading.default\">\n\t\t\t\t<div class=\"elementor-widget-container\">\n\t\t\t\t\t<h2 class=\"elementor-heading-title elementor-size-default\">Conf\u00e9rences :    <\/h2>\t\t\t\t<\/div>\n\t\t\t\t<\/div>\n\t\t\t\t<div class=\"elementor-element elementor-element-5ba1fcf elementor-widget elementor-widget-text-editor\" data-id=\"5ba1fcf\" data-element_type=\"widget\" data-e-type=\"widget\" data-widget_type=\"text-editor.default\">\n\t\t\t\t<div class=\"elementor-widget-container\">\n\t\t\t\t\t\t\t\t\t<ul><li><strong>Jean-Pierre Henri Az\u00e9ma<\/strong>, Docteur en g\u00e9ographie, consultant ind\u00e9pendant, expert, conf\u00e9rencier et auteur, donnera une conf\u00e9rence \u00e0 l\u2019auditorium du mus\u00e9e Soulages, \u00e0 Rodez, jeudi 31 octobre, \u00e0 18 h 30. \u00ab\u00a0<strong>Les moulins \u00e0 papier en Rouergue, une histoire oubli\u00e9e<\/strong>\u00bb.<\/li><li><strong>Atelier Blanc en Bastide, <\/strong>\u00e0 Villefranche-de-Rouergue (10, rue Prestat). Rencontre avec Julie Saclier, jeudi 31 octobre, \u00e0 11 heures.<\/li><li>\u00a0<\/li><\/ul>\t\t\t\t\t\t\t\t<\/div>\n\t\t\t\t<\/div>\n\t\t\t\t<div class=\"elementor-element elementor-element-070fb55 elementor-widget elementor-widget-heading\" data-id=\"070fb55\" data-element_type=\"widget\" data-e-type=\"widget\" data-widget_type=\"heading.default\">\n\t\t\t\t<div class=\"elementor-widget-container\">\n\t\t\t\t\t<h2 class=\"elementor-heading-title elementor-size-default\">Expositions  :    <\/h2>\t\t\t\t<\/div>\n\t\t\t\t<\/div>\n\t\t\t\t<div class=\"elementor-element elementor-element-feeeff4 elementor-widget elementor-widget-text-editor\" data-id=\"feeeff4\" data-element_type=\"widget\" data-e-type=\"widget\" data-widget_type=\"text-editor.default\">\n\t\t\t\t<div class=\"elementor-widget-container\">\n\t\t\t\t\t\t\t\t\t<p>Invit\u00e9 d\u2019honneur\u00a0: <strong>Le Moulin \u00e0 papier de Brousses et Villare<\/strong> (Aude).<\/p>\t\t\t\t\t\t\t\t<\/div>\n\t\t\t\t<\/div>\n\t\t\t\t<div class=\"elementor-element elementor-element-e03d720 elementor-widget elementor-widget-text-editor\" data-id=\"e03d720\" data-element_type=\"widget\" data-e-type=\"widget\" data-widget_type=\"text-editor.default\">\n\t\t\t\t<div class=\"elementor-widget-container\">\n\t\t\t\t\t\t\t\t\t<p style=\"font-weight: 400;\">Exposition centrale \u00e0 la salle des f\u00eates pour une mise en valeur du dernier moulin \u00e0 papier d\u2019Occitanie et de cet artisanat unique.<\/p><ul><li>D\u00e9monstration \u00ab\u00a0L\u2019art du Kirigami\u00a0\u00bb avec <strong>Fr\u00e9d\u00e9ric Sabat\u00e9<\/strong>.<\/li><li>Action p\u00e9dagogique avec <strong>Magali Vermeersch<\/strong> sur le th\u00e8me\u00a0: \u00ab\u00a0<strong>O\u2019ptits papiers<\/strong>\u00bb.<\/li><li><strong>Arbre \u00e0 souhait<\/strong> sur le stand de la <strong>m\u00e9diath\u00e8que de Rodez<\/strong>, tous les visiteurs pourrons s\u2019exprimer.<\/li><li>Un stand r\u00e9serv\u00e9 \u00e0 la collection de livre d\u2019artiste du <strong>Mus\u00e9e des Abattoirs-Frac Occitanie<\/strong><\/li><\/ul><p style=\"font-weight: 400;\">Restitution du projet p\u00e9dagogique\u00a0et pr\u00e9sentation des \u0153uvres cr\u00e9\u00e9es aupr\u00e8s des coll\u00e8ges et lyc\u00e9es. Intervenante : <strong>Magali Vermeersch<\/strong>. (Coll\u00e8ge Fabre\u00a0de Rodez. Coll\u00e8ges de Naucelle, de Pont-de-Salars. Lyc\u00e9e agricole Laroque. Lyc\u00e9e de Decazeville. Maternelle d\u2019Olemps).<\/p>\t\t\t\t\t\t\t\t<\/div>\n\t\t\t\t<\/div>\n\t\t\t\t<div class=\"elementor-element elementor-element-5d050bd elementor-widget elementor-widget-heading\" data-id=\"5d050bd\" data-element_type=\"widget\" data-e-type=\"widget\" data-widget_type=\"heading.default\">\n\t\t\t\t<div class=\"elementor-widget-container\">\n\t\t\t\t\t<h2 class=\"elementor-heading-title elementor-size-default\">Expositions  :    <\/h2>\t\t\t\t<\/div>\n\t\t\t\t<\/div>\n\t\t\t\t<div class=\"elementor-element elementor-element-500e979 elementor-widget elementor-widget-text-editor\" data-id=\"500e979\" data-element_type=\"widget\" data-e-type=\"widget\" data-widget_type=\"text-editor.default\">\n\t\t\t\t<div class=\"elementor-widget-container\">\n\t\t\t\t\t\t\t\t\t<div><p class=\"CorpsA\"><span class=\"Aucun\"><b>Mus\u00e9<\/b><\/span><span class=\"Aucun\"><b><span lang=\"ES-TRAD\">e Denys-Puech <\/span><\/b><\/span><span class=\"Aucun\"><b>\u00e0 Rodez <\/b><\/span><span class=\"Aucun\">(place Georges-Cl\u00e9menceau) : <\/span>du 6 novembre 2024 au 16 mars 2025, exposition Ren\u00e9 Duran : \u00ab Les \u00e9crits du fond \u00bb.<\/p><\/div><div><p class=\"CorpsA\"><span class=\"Aucun\"><b>Mus\u00e9e Fenaille \u00e0 Rodez<\/b><\/span> (14, place Raynaldy : du 28 septembre au 10 novembre 2024, exposition de deux livres d\u2019heures \u00ab <b>D\u2019or et d\u2019azur<\/b> \u00bb. La Ville de Rodez conserve deux livres d\u2019heures enlumin\u00e9s appartenant respectivement au fonds de la m\u00e9diath\u00e8que et \u00e0 celui de la biblioth\u00e8que de la Soci\u00e9t\u00e9 des lettres, sciences et arts de l\u2019Aveyron.<b>\u00a0<\/b><\/p><\/div>\t\t\t\t\t\t\t\t<\/div>\n\t\t\t\t<\/div>\n\t\t\t\t<section class=\"elementor-section elementor-inner-section elementor-element elementor-element-9ae2255 elementor-section-boxed elementor-section-height-default elementor-section-height-default\" data-id=\"9ae2255\" data-element_type=\"section\" data-e-type=\"section\">\n\t\t\t\t\t\t<div class=\"elementor-container elementor-column-gap-default\">\n\t\t\t\t\t<div class=\"elementor-column elementor-col-50 elementor-inner-column elementor-element elementor-element-599b0a5\" data-id=\"599b0a5\" data-element_type=\"column\" data-e-type=\"column\">\n\t\t\t<div class=\"elementor-widget-wrap elementor-element-populated\">\n\t\t\t\t\t\t<div class=\"elementor-element elementor-element-b1b9a52 elementor-widget elementor-widget-image\" data-id=\"b1b9a52\" data-element_type=\"widget\" data-e-type=\"widget\" data-widget_type=\"image.default\">\n\t\t\t\t<div class=\"elementor-widget-container\">\n\t\t\t\t\t\t\t\t\t\t\t\t\t\t\t<img decoding=\"async\" width=\"540\" height=\"400\" src=\"https:\/\/www.aveyronline.net\/wp-content\/uploads\/2024\/11\/Livre2-biennale.jpg\" class=\"attachment-large size-large wp-image-22524\" alt=\"\" srcset=\"https:\/\/www.aveyronline.net\/wp-content\/uploads\/2024\/11\/Livre2-biennale.jpg 540w, https:\/\/www.aveyronline.net\/wp-content\/uploads\/2024\/11\/Livre2-biennale-300x222.jpg 300w\" sizes=\"(max-width: 540px) 100vw, 540px\" title=\"\">\t\t\t\t\t\t\t\t\t\t\t\t\t\t\t<\/div>\n\t\t\t\t<\/div>\n\t\t\t\t\t<\/div>\n\t\t<\/div>\n\t\t\t\t<div class=\"elementor-column elementor-col-50 elementor-inner-column elementor-element elementor-element-a32b72d\" data-id=\"a32b72d\" data-element_type=\"column\" data-e-type=\"column\">\n\t\t\t<div class=\"elementor-widget-wrap elementor-element-populated\">\n\t\t\t\t\t\t<div class=\"elementor-element elementor-element-258aa0a elementor-widget elementor-widget-image\" data-id=\"258aa0a\" data-element_type=\"widget\" data-e-type=\"widget\" data-widget_type=\"image.default\">\n\t\t\t\t<div class=\"elementor-widget-container\">\n\t\t\t\t\t\t\t\t\t\t\t\t\t\t\t<img decoding=\"async\" width=\"563\" height=\"400\" src=\"https:\/\/www.aveyronline.net\/wp-content\/uploads\/2024\/11\/Livre-biennale.jpg\" class=\"attachment-large size-large wp-image-22523\" alt=\"\" srcset=\"https:\/\/www.aveyronline.net\/wp-content\/uploads\/2024\/11\/Livre-biennale.jpg 563w, https:\/\/www.aveyronline.net\/wp-content\/uploads\/2024\/11\/Livre-biennale-300x213.jpg 300w\" sizes=\"(max-width: 563px) 100vw, 563px\" title=\"\">\t\t\t\t\t\t\t\t\t\t\t\t\t\t\t<\/div>\n\t\t\t\t<\/div>\n\t\t\t\t\t<\/div>\n\t\t<\/div>\n\t\t\t\t\t<\/div>\n\t\t<\/section>\n\t\t\t\t<div class=\"elementor-element elementor-element-3858318 elementor-widget elementor-widget-text-editor\" data-id=\"3858318\" data-element_type=\"widget\" data-e-type=\"widget\" data-widget_type=\"text-editor.default\">\n\t\t\t\t<div class=\"elementor-widget-container\">\n\t\t\t\t\t\t\t\t\t<div>\u00a0<\/div><div><p class=\"CorpsA\"><span class=\"Aucun\"><b>Maison de ma R\u00e9gion \u00e0 Rodez <\/b><\/span>(41-43, rue B\u00e9teille) : du 4 novembre au 15 novembre, exposition propos\u00e9e en partenariat avec les archives d\u00e9partementales de l\u2019Aveyron, \u00ab <b>De la plume au caract\u00e8re : histoire de Livres<\/b> \u00bb.<\/p><\/div><div><p class=\"CorpsA\"><span class=\"Aucun\"><b>Atelier Blanc \u00e0 Villefranche-de-Rouergue <\/b><\/span>(10, rue Prestat)\u00a0:<\/p><\/div><div><ul><li class=\"CorpsA\">du 31 octobre au 23 novembre, trois artistes invit\u00e9s.<\/li><li class=\"CorpsA\">Du 31 octobre au 8 novembre : <span class=\"Aucun\"><b>Julie Saclier<\/b><\/span>.<\/li><li class=\"CorpsA\">Du 9 au 15 novembre : <span class=\"Aucun\"><b>Mazaccio &amp; Drowilal<\/b><\/span>.<\/li><li class=\"CorpsA\">Du 16 au 23 novembre : <span class=\"Aucun\"><b>Chlo\u00eb Vanderstraeten<\/b><\/span>, laur\u00e9ate 2023 du prix \u00abJeune Cr\u00e9ation\u00bb de l\u2019Atelier Blanc.<\/li><\/ul><\/div><div><p class=\"CorpsA\">\u00a0<\/p><\/div><div><p class=\"CorpsA\"><span class=\"Aucun\"><b>Galerie Annotiau \u00e0 Rodez <\/b><\/span>(17, place du Bourg) : \u00ab <span class=\"Aucun\"><b>Dans ses petits papiers<\/b><\/span>\u00a0\u00bb. Exposition collective, novembre 2024.<\/p><\/div><div><p class=\"CorpsA\"><span class=\"Aucun\"><b><span lang=\"DE\">Galerie R<\/span><\/b><\/span><span class=\"Aucun\"><b>\u00e9plique\u00a0\u00e0 Rodez <\/b><\/span><span class=\"Aucun\">(42, rue de l\u2019Embergue) : <\/span>du 5 au 26 novembre, exposition de <span class=\"Aucun\"><b>Jean Cazelle<\/b><\/span>, \u00ab\u00a0Mes Moires d\u2019Argent\u00bb.<\/p><\/div><div><p class=\"CorpsA\"><span class=\"Aucun\"><b>La Menuiserie \u00e0 Rodez <\/b><\/span>(14, rue du 11-Novembre) : du 7 novembre au 15 d\u00e9cembre, une exposition de <span class=\"Aucun\"><b>R\u00e9mi Ducellier<\/b><\/span> \u00ab\u00a0De soie \u00e0 moi\u00a0\u00bb.<\/p><\/div><div><p class=\"CorpsA\"><span class=\"Aucun\"><b>M\u00e9diath\u00e8que d\u2019Olemps <\/b><\/span>(69, rue des Peyri\u00e8res) : du 1<sup>er<\/sup> octobre 2024 au 7 janvier 2025,<b> <\/b>exposition de 20 livres de la collection de la M\u00e9diath\u00e8que d\u00e9partementale de l\u2019Aveyron (MDA).<\/p><\/div><div><p class=\"CorpsA\"><span class=\"Aucun\"><b>M\u00e9diath\u00e8que de Millau <\/b><\/span><span class=\"Aucun\">(Esplanade Fran\u00e7ois-Mitterrand)<b> : <\/b><\/span>du 22 octobre au 10 novembre, exposition \u00e0 la M\u00e9diath\u00e8que du Sud Aveyron (M\u00e9Sa) de 9 livres de la collection de la MDA.<\/p><\/div>\t\t\t\t\t\t\t\t<\/div>\n\t\t\t\t<\/div>\n\t\t\t\t<div class=\"elementor-element elementor-element-8c21fd4 elementor-widget elementor-widget-heading\" data-id=\"8c21fd4\" data-element_type=\"widget\" data-e-type=\"widget\" data-widget_type=\"heading.default\">\n\t\t\t\t<div class=\"elementor-widget-container\">\n\t\t\t\t\t<h2 class=\"elementor-heading-title elementor-size-default\">Les exposants 2024 :    <\/h2>\t\t\t\t<\/div>\n\t\t\t\t<\/div>\n\t\t\t\t<section class=\"elementor-section elementor-inner-section elementor-element elementor-element-6aca8ff elementor-section-boxed elementor-section-height-default elementor-section-height-default\" data-id=\"6aca8ff\" data-element_type=\"section\" data-e-type=\"section\">\n\t\t\t\t\t\t<div class=\"elementor-container elementor-column-gap-default\">\n\t\t\t\t\t<div class=\"elementor-column elementor-col-50 elementor-inner-column elementor-element elementor-element-76984d2\" data-id=\"76984d2\" data-element_type=\"column\" data-e-type=\"column\">\n\t\t\t<div class=\"elementor-widget-wrap elementor-element-populated\">\n\t\t\t\t\t\t<div class=\"elementor-element elementor-element-0681371 elementor-widget elementor-widget-image\" data-id=\"0681371\" data-element_type=\"widget\" data-e-type=\"widget\" data-widget_type=\"image.default\">\n\t\t\t\t<div class=\"elementor-widget-container\">\n\t\t\t\t\t\t\t\t\t\t\t\t\t\t\t<img loading=\"lazy\" decoding=\"async\" width=\"704\" height=\"640\" src=\"https:\/\/www.aveyronline.net\/wp-content\/uploads\/2024\/11\/salon_artinfolio-rodez.jpg\" class=\"attachment-large size-large wp-image-22536\" alt=\"Salon biennale\" srcset=\"https:\/\/www.aveyronline.net\/wp-content\/uploads\/2024\/11\/salon_artinfolio-rodez.jpg 704w, https:\/\/www.aveyronline.net\/wp-content\/uploads\/2024\/11\/salon_artinfolio-rodez-300x273.jpg 300w\" sizes=\"(max-width: 704px) 100vw, 704px\" title=\"\">\t\t\t\t\t\t\t\t\t\t\t\t\t\t\t<\/div>\n\t\t\t\t<\/div>\n\t\t\t\t\t<\/div>\n\t\t<\/div>\n\t\t\t\t<div class=\"elementor-column elementor-col-50 elementor-inner-column elementor-element elementor-element-e5e9ec1\" data-id=\"e5e9ec1\" data-element_type=\"column\" data-e-type=\"column\">\n\t\t\t<div class=\"elementor-widget-wrap elementor-element-populated\">\n\t\t\t\t\t\t<div class=\"elementor-element elementor-element-7fb4500 elementor-widget elementor-widget-spacer\" data-id=\"7fb4500\" data-element_type=\"widget\" data-e-type=\"widget\" data-widget_type=\"spacer.default\">\n\t\t\t\t<div class=\"elementor-widget-container\">\n\t\t\t\t\t\t\t<div class=\"elementor-spacer\">\n\t\t\t<div class=\"elementor-spacer-inner\"><\/div>\n\t\t<\/div>\n\t\t\t\t\t\t<\/div>\n\t\t\t\t<\/div>\n\t\t\t\t<div class=\"elementor-element elementor-element-4f580e0 elementor-widget elementor-widget-text-editor\" data-id=\"4f580e0\" data-element_type=\"widget\" data-e-type=\"widget\" data-widget_type=\"text-editor.default\">\n\t\t\t\t<div class=\"elementor-widget-container\">\n\t\t\t\t\t\t\t\t\t<p>Lieu de dialogues et de rencontres, la biennale du livre d\u2019artiste Art In Folio permet des \u00e9changes riches entre les exposants et leur public. Plus de 30 \u00e9diteurs, artisans et artistes seront r\u00e9unis pour vous pr\u00e9senter leur ouvrages et cr\u00e9ations.<\/p>\t\t\t\t\t\t\t\t<\/div>\n\t\t\t\t<\/div>\n\t\t\t\t\t<\/div>\n\t\t<\/div>\n\t\t\t\t\t<\/div>\n\t\t<\/section>\n\t\t\t\t<div class=\"elementor-element elementor-element-9d00866 elementor-widget elementor-widget-text-editor\" data-id=\"9d00866\" data-element_type=\"widget\" data-e-type=\"widget\" data-widget_type=\"text-editor.default\">\n\t\t\t\t<div class=\"elementor-widget-container\">\n\t\t\t\t\t\t\t\t\t<div>\n<p class=\"Corps\">Trente-six exposants professionnels pr\u00e9senteront \u00e0 la vente leurs cr\u00e9ations de livres uniques ou \u00e0 tirages limit\u00e9s :<\/p>\n<\/div>\n<div>\n<p class=\"Corps\"><b>Fanette Chavent, Corinne Mariotte, Pedro Acci\u00f3n, Magdeleine Ferru, G\u00e9rard Joblot, Isa Slivance, Coco T\u00e9x\u00e8dre, Carole Texier, Vincent Pach\u00e8s, Ga\u00eblle P\u00e9lachaud, Michel Julliard, G\u00e9rard Truilh\u00e9, Andr\u00e9 Thabaraud, Jacques Br\u00e9mond, Ma\u00eblle de Coux, Marjon Mudde, Jean-Claude Loubi\u00e8res,Rafa\u00eble Ide, Arne Aulas d\u2019Avignon, Albert Woda, Marie Verdier, Marc Granier, Sylvie Donaire, Elisabeth Baillon, Michel Boucaut, Alain Bar, Yvy Br\u00e9mond, Jacques Simonelli, Patrick Cutt\u00e9, Catherine Li\u00e9geois, Florence Margery, Edith Schmid, Jean-Paul Ruiz, Claire et Fran\u00e7ois Poulain, Robert Lobet, Pierre Manuel.<\/b><b><\/b><\/p>\n<\/div>\t\t\t\t\t\t\t\t<\/div>\n\t\t\t\t<\/div>\n\t\t\t\t<div class=\"elementor-element elementor-element-f5835cd elementor-widget-divider--view-line elementor-widget elementor-widget-divider\" data-id=\"f5835cd\" data-element_type=\"widget\" data-e-type=\"widget\" data-widget_type=\"divider.default\">\n\t\t\t\t<div class=\"elementor-widget-container\">\n\t\t\t\t\t\t\t<div class=\"elementor-divider\">\n\t\t\t<span class=\"elementor-divider-separator\">\n\t\t\t\t\t\t<\/span>\n\t\t<\/div>\n\t\t\t\t\t\t<\/div>\n\t\t\t\t<\/div>\n\t\t\t\t\t<\/div>\n\t\t<\/div>\n\t\t\t\t\t<\/div>\n\t\t<\/section>\n\t\t\t\t<section class=\"elementor-section elementor-top-section elementor-element elementor-element-284814b elementor-section-boxed elementor-section-height-default elementor-section-height-default\" data-id=\"284814b\" data-element_type=\"section\" data-e-type=\"section\">\n\t\t\t\t\t\t<div class=\"elementor-container elementor-column-gap-default\">\n\t\t\t\t\t<div class=\"elementor-column elementor-col-50 elementor-top-column elementor-element elementor-element-8feafd6\" data-id=\"8feafd6\" data-element_type=\"column\" data-e-type=\"column\">\n\t\t\t<div class=\"elementor-widget-wrap elementor-element-populated\">\n\t\t\t\t\t\t<div class=\"elementor-element elementor-element-0819012 elementor-view-default elementor-widget elementor-widget-icon\" data-id=\"0819012\" data-element_type=\"widget\" data-e-type=\"widget\" data-widget_type=\"icon.default\">\n\t\t\t\t<div class=\"elementor-widget-container\">\n\t\t\t\t\t\t\t<div class=\"elementor-icon-wrapper\">\n\t\t\t<div class=\"elementor-icon\">\n\t\t\t<i aria-hidden=\"true\" class=\"fas fa-info-circle\"><\/i>\t\t\t<\/div>\n\t\t<\/div>\n\t\t\t\t\t\t<\/div>\n\t\t\t\t<\/div>\n\t\t\t\t\t<\/div>\n\t\t<\/div>\n\t\t\t\t<div class=\"elementor-column elementor-col-50 elementor-top-column elementor-element elementor-element-b1d43dc\" data-id=\"b1d43dc\" data-element_type=\"column\" data-e-type=\"column\">\n\t\t\t<div class=\"elementor-widget-wrap elementor-element-populated\">\n\t\t\t\t\t\t<div class=\"elementor-element elementor-element-33fcc29 elementor-widget elementor-widget-spacer\" data-id=\"33fcc29\" data-element_type=\"widget\" data-e-type=\"widget\" data-widget_type=\"spacer.default\">\n\t\t\t\t<div class=\"elementor-widget-container\">\n\t\t\t\t\t\t\t<div class=\"elementor-spacer\">\n\t\t\t<div class=\"elementor-spacer-inner\"><\/div>\n\t\t<\/div>\n\t\t\t\t\t\t<\/div>\n\t\t\t\t<\/div>\n\t\t\t\t<div class=\"elementor-element elementor-element-aa4a940 elementor-widget elementor-widget-text-editor\" data-id=\"aa4a940\" data-element_type=\"widget\" data-e-type=\"widget\" data-widget_type=\"text-editor.default\">\n\t\t\t\t<div class=\"elementor-widget-container\">\n\t\t\t\t\t\t\t\t\t<p><strong>4\u00e8me Biennale du\u00a0<\/strong><b>Livre <\/b>\u00a0(Rodez)<\/p><p>9 et 10 Novembre 2024<\/p><p>Toutes les infos : <a href=\"https:\/\/artinfolio.fr\" target=\"_blank\" rel=\"noopener nofollow\"><strong>cliquez-ici<\/strong><\/a><\/p>\t\t\t\t\t\t\t\t<\/div>\n\t\t\t\t<\/div>\n\t\t\t\t\t<\/div>\n\t\t<\/div>\n\t\t\t\t\t<\/div>\n\t\t<\/section>\n\t\t\t\t<section class=\"elementor-section elementor-top-section elementor-element elementor-element-f91ad0f elementor-section-boxed elementor-section-height-default elementor-section-height-default\" data-id=\"f91ad0f\" data-element_type=\"section\" data-e-type=\"section\">\n\t\t\t\t\t\t<div class=\"elementor-container elementor-column-gap-default\">\n\t\t\t\t\t<div class=\"elementor-column elementor-col-100 elementor-top-column elementor-element elementor-element-c714237\" data-id=\"c714237\" data-element_type=\"column\" data-e-type=\"column\">\n\t\t\t<div class=\"elementor-widget-wrap elementor-element-populated\">\n\t\t\t\t\t\t<div class=\"elementor-element elementor-element-f22854f elementor-widget-divider--view-line elementor-widget elementor-widget-divider\" data-id=\"f22854f\" data-element_type=\"widget\" data-e-type=\"widget\" data-widget_type=\"divider.default\">\n\t\t\t\t<div class=\"elementor-widget-container\">\n\t\t\t\t\t\t\t<div class=\"elementor-divider\">\n\t\t\t<span class=\"elementor-divider-separator\">\n\t\t\t\t\t\t<\/span>\n\t\t<\/div>\n\t\t\t\t\t\t<\/div>\n\t\t\t\t<\/div>\n\t\t\t\t\t<\/div>\n\t\t<\/div>\n\t\t\t\t\t<\/div>\n\t\t<\/section>\n\t\t\t\t<\/div>\n\t\t","protected":false},"excerpt":{"rendered":"<p>Art\u2019in folio met \u00e0 l\u2019honneur le livre d\u2019artiste, et rassemble les visiteurs autour d\u2019une programmation accueillie dans divers lieux culturels en Aveyron avec, en point d\u2019orgue la pr\u00e9sentation des ouvrages d\u2019une trentaine d\u2019exposants venus de toute la France.<\/p>\n","protected":false},"author":1,"featured_media":22518,"comment_status":"closed","ping_status":"open","sticky":false,"template":"","format":"standard","meta":{"footnotes":""},"categories":[16,20,25,33,24,58],"tags":[170,60,168,1008,1450,1451,1449,429,64],"class_list":["post-22516","post","type-post","status-publish","format-standard","has-post-thumbnail","hentry","category-culture","category-histoire","category-idees-dactivites","category-les-evenements","category-les-rendez-vous","category-patrimoine","tag-livre","tag-art","tag-artiste","tag-association","tag-biennale","tag-evenementiel","tag-mediatheque","tag-millau","tag-rodez"],"views":107,"_links":{"self":[{"href":"https:\/\/www.aveyronline.net\/index.php\/wp-json\/wp\/v2\/posts\/22516","targetHints":{"allow":["GET"]}}],"collection":[{"href":"https:\/\/www.aveyronline.net\/index.php\/wp-json\/wp\/v2\/posts"}],"about":[{"href":"https:\/\/www.aveyronline.net\/index.php\/wp-json\/wp\/v2\/types\/post"}],"author":[{"embeddable":true,"href":"https:\/\/www.aveyronline.net\/index.php\/wp-json\/wp\/v2\/users\/1"}],"replies":[{"embeddable":true,"href":"https:\/\/www.aveyronline.net\/index.php\/wp-json\/wp\/v2\/comments?post=22516"}],"version-history":[{"count":17,"href":"https:\/\/www.aveyronline.net\/index.php\/wp-json\/wp\/v2\/posts\/22516\/revisions"}],"predecessor-version":[{"id":22539,"href":"https:\/\/www.aveyronline.net\/index.php\/wp-json\/wp\/v2\/posts\/22516\/revisions\/22539"}],"wp:featuredmedia":[{"embeddable":true,"href":"https:\/\/www.aveyronline.net\/index.php\/wp-json\/wp\/v2\/media\/22518"}],"wp:attachment":[{"href":"https:\/\/www.aveyronline.net\/index.php\/wp-json\/wp\/v2\/media?parent=22516"}],"wp:term":[{"taxonomy":"category","embeddable":true,"href":"https:\/\/www.aveyronline.net\/index.php\/wp-json\/wp\/v2\/categories?post=22516"},{"taxonomy":"post_tag","embeddable":true,"href":"https:\/\/www.aveyronline.net\/index.php\/wp-json\/wp\/v2\/tags?post=22516"}],"curies":[{"name":"wp","href":"https:\/\/api.w.org\/{rel}","templated":true}]}}