{"id":23598,"date":"2025-05-28T10:23:45","date_gmt":"2025-05-28T08:23:45","guid":{"rendered":"https:\/\/www.aveyronline.net\/?p=23598"},"modified":"2025-06-18T11:07:44","modified_gmt":"2025-06-18T09:07:44","slug":"stage-argentique-revon","status":"publish","type":"post","link":"https:\/\/www.aveyronline.net\/index.php\/2025\/05\/28\/stage-argentique-revon\/","title":{"rendered":"PHOTOGRAPHIE &#8211; STAGE AVEC JACQUES REVON"},"content":{"rendered":"\t\t<div data-elementor-type=\"wp-post\" data-elementor-id=\"23598\" class=\"elementor elementor-23598\" data-elementor-post-type=\"post\">\n\t\t\t\t\t\t<section class=\"elementor-section elementor-top-section elementor-element elementor-element-ee53b6d elementor-section-full_width elementor-section-height-default elementor-section-height-default\" data-id=\"ee53b6d\" data-element_type=\"section\" data-e-type=\"section\">\n\t\t\t\t\t\t<div class=\"elementor-container elementor-column-gap-default\">\n\t\t\t\t\t<div class=\"elementor-column elementor-col-100 elementor-top-column elementor-element elementor-element-c4bebda\" data-id=\"c4bebda\" data-element_type=\"column\" data-e-type=\"column\">\n\t\t\t<div class=\"elementor-widget-wrap elementor-element-populated\">\n\t\t\t\t\t\t<div class=\"elementor-element elementor-element-e7d7aee elementor-widget elementor-widget-heading\" data-id=\"e7d7aee\" data-element_type=\"widget\" data-e-type=\"widget\" data-widget_type=\"heading.default\">\n\t\t\t\t<div class=\"elementor-widget-container\">\n\t\t\t\t\t<h2 class=\"elementor-heading-title elementor-size-default\">PHOTOGRAPHIE<\/h2>\t\t\t\t<\/div>\n\t\t\t\t<\/div>\n\t\t\t\t<div class=\"elementor-element elementor-element-934fbd7 elementor-widget elementor-widget-heading\" data-id=\"934fbd7\" data-element_type=\"widget\" data-e-type=\"widget\" data-widget_type=\"heading.default\">\n\t\t\t\t<div class=\"elementor-widget-container\">\n\t\t\t\t\t<h2 class=\"elementor-heading-title elementor-size-default\">STAGE DE TIRAGE ARGENTIQUE ALTERNATIF<\/h2>\t\t\t\t<\/div>\n\t\t\t\t<\/div>\n\t\t\t\t<div class=\"elementor-element elementor-element-11f62ae elementor-widget elementor-widget-text-editor\" data-id=\"11f62ae\" data-element_type=\"widget\" data-e-type=\"widget\" data-widget_type=\"text-editor.default\">\n\t\t\t\t<div class=\"elementor-widget-container\">\n\t\t\t\t\t\t\t\t\t<p>L&rsquo;artiste photographe Jacques REVON animera un stage in\u00e9dit consacr\u00e9 aux proc\u00e9d\u00e9s alternatifs de tirage argentique, en mettant \u00e0 l&rsquo;honneur des r\u00e9v\u00e9lateurs \u00e9cologiques et inattendus : caf\u00e9, th\u00e9 et vin. \u00c0 travers cette exploration cr\u00e9ative du vin et de ses variantes, les participants apprendront \u00e0 d\u00e9velopper leurs propres n\u00e9gatifs argentiques noir et blanc avec des solutions faites maison, respectueuses de l\u2019environnement.<\/p>\t\t\t\t\t\t\t\t<\/div>\n\t\t\t\t<\/div>\n\t\t\t\t<div class=\"elementor-element elementor-element-09fdf48 elementor-widget elementor-widget-image\" data-id=\"09fdf48\" data-element_type=\"widget\" data-e-type=\"widget\" data-widget_type=\"image.default\">\n\t\t\t\t<div class=\"elementor-widget-container\">\n\t\t\t\t\t\t\t\t\t\t\t\t\t\t\t<img fetchpriority=\"high\" decoding=\"async\" width=\"800\" height=\"480\" src=\"https:\/\/www.aveyronline.net\/wp-content\/uploads\/2025\/05\/Stage-Hello_img-1024x614.jpg\" class=\"attachment-large size-large wp-image-23599\" alt=\"Stage 2025\" srcset=\"https:\/\/www.aveyronline.net\/wp-content\/uploads\/2025\/05\/Stage-Hello_img-1024x614.jpg 1024w, https:\/\/www.aveyronline.net\/wp-content\/uploads\/2025\/05\/Stage-Hello_img-300x180.jpg 300w, https:\/\/www.aveyronline.net\/wp-content\/uploads\/2025\/05\/Stage-Hello_img-768x461.jpg 768w, https:\/\/www.aveyronline.net\/wp-content\/uploads\/2025\/05\/Stage-Hello_img.jpg 1200w\" sizes=\"(max-width: 800px) 100vw, 800px\" title=\"\">\t\t\t\t\t\t\t\t\t\t\t\t\t\t\t<\/div>\n\t\t\t\t<\/div>\n\t\t\t\t<div class=\"elementor-element elementor-element-8a88671 elementor-widget elementor-widget-text-editor\" data-id=\"8a88671\" data-element_type=\"widget\" data-e-type=\"widget\" data-widget_type=\"text-editor.default\">\n\t\t\t\t<div class=\"elementor-widget-container\">\n\t\t\t\t\t\t\t\t\t<p>Ce stage s\u2019adresse aux passionn\u00e9s de photographie argentique, aux curieux des proc\u00e9d\u00e9s anciens, ainsi qu\u2019aux artistes en qu\u00eate d\u2019une approche sensorielle et exp\u00e9rimentale de l\u2019image. Pendant deux jours alternant th\u00e9orie, d\u00e9monstrations et pratique en chambre noire, Jacques REVON partagera son exp\u00e9rience et ses recherches autour de ces techniques originales, accessibles et surprenantes.<\/p><p>Le mat\u00e9riel de base est fourni, mais chacun est invit\u00e9 \u00e0 venir avec ses pellicules noir et blanc \u00e0 d\u00e9velopper. Le stage se d\u00e9roulera au Domaine de la Contie \u00e0 Saint-Christophe, au c\u0153ur des vignes et de la nature, propice \u00e0 l\u2019exp\u00e9rimentation et \u00e0 la cr\u00e9ativit\u00e9.<\/p><p>Pour cl\u00f4turer la journ\u00e9e de samedi, nous irons faire une visite et d\u00e9gustation \u00e0 la <a href=\"https:\/\/www.vigneronsduvallon.com\/\" rel=\"nofollow noopener\" target=\"_blank\"><strong>Cave des Vignerons<\/strong><\/a> \u00e0 Valady, et profiterons de cette visite pour d\u00e9couvrir l&rsquo;exposition de Jacques REVON dans le chai de la cave\u2026<\/p><p><strong>ATTENTION :<\/strong><\/p><ul><li>Chaque stagiaire, devra se munir de son appareil argentique avec \u00a0quelques pellicules noir et blanc, peu importe la marque mais si possible de sensibilit\u00e9 400 ISO ou 100 ISO.<\/li><li>Chaque stagiaire devra apporter \u00e9galement sa propre cuve de d\u00e9veloppement film avec sa spire pour d\u00e9velopper son film 135 ou sa pellicule 120.<\/li><\/ul>\t\t\t\t\t\t\t\t<\/div>\n\t\t\t\t<\/div>\n\t\t\t\t<div class=\"elementor-element elementor-element-c72049b elementor-widget-divider--view-line elementor-widget elementor-widget-divider\" data-id=\"c72049b\" data-element_type=\"widget\" data-e-type=\"widget\" data-widget_type=\"divider.default\">\n\t\t\t\t<div class=\"elementor-widget-container\">\n\t\t\t\t\t\t\t<div class=\"elementor-divider\">\n\t\t\t<span class=\"elementor-divider-separator\">\n\t\t\t\t\t\t<\/span>\n\t\t<\/div>\n\t\t\t\t\t\t<\/div>\n\t\t\t\t<\/div>\n\t\t\t\t<div class=\"elementor-element elementor-element-0e3d0f3 elementor-widget elementor-widget-heading\" data-id=\"0e3d0f3\" data-element_type=\"widget\" data-e-type=\"widget\" data-widget_type=\"heading.default\">\n\t\t\t\t<div class=\"elementor-widget-container\">\n\t\t\t\t\t<h2 class=\"elementor-heading-title elementor-size-default\">Jacques Revon : l\u2019alchimiste de la lumi\u00e8re<\/h2>\t\t\t\t<\/div>\n\t\t\t\t<\/div>\n\t\t\t\t<div class=\"elementor-element elementor-element-6429046 elementor-widget elementor-widget-text-editor\" data-id=\"6429046\" data-element_type=\"widget\" data-e-type=\"widget\" data-widget_type=\"text-editor.default\">\n\t\t\t\t<div class=\"elementor-widget-container\">\n\t\t\t\t\t\t\t\t\t<p data-start=\"182\" data-end=\"588\">Photographe discret mais incontournable de la sc\u00e8ne alternative, <strong data-start=\"247\" data-end=\"264\">Jacques Revon<\/strong> explore depuis plusieurs d\u00e9cennies les profondeurs de l\u2019image argentique. Loin des automatismes du num\u00e9rique, il choisit la lenteur, le geste, la mati\u00e8re. Pour lui, photographier, c\u2019est \u00e9crire avec la lumi\u00e8re, mais aussi dialoguer avec les sels d\u2019argent, le papier, les bains chimiques \u2014 dans une approche quasi alchimique.<\/p><p data-start=\"590\" data-end=\"1005\">Form\u00e9 aux techniques classiques du laboratoire, il s\u2019en est \u00e9mancip\u00e9 pour d\u00e9velopper ses propres proc\u00e9d\u00e9s : <strong data-start=\"698\" data-end=\"799\">r\u00e9v\u00e9lateurs \u00ab\u00a0faits maison\u00a0\u00bb, papiers insolites, virages toniques, solarisations, st\u00e9nop\u00e9s modifi\u00e9s<\/strong>, et autres exp\u00e9rimentations o\u00f9 chaque tirage devient une \u0153uvre unique. Son laboratoire, install\u00e9 \u00e0 son domicile, est un th\u00e9\u00e2tre d\u2019ombres et de transparences o\u00f9 le temps suspend son cours.<\/p><p data-start=\"1007\" data-end=\"1445\">Revendiquant une <strong data-start=\"1024\" data-end=\"1064\">d\u00e9marche artistique \u00e0 contre-courant<\/strong>, Jacques Revon interroge notre rapport \u00e0 l\u2019image. Il photographie souvent le paysage, le v\u00e9g\u00e9tal ou la trace humaine dans l\u2019espace, mais son v\u00e9ritable sujet est la <strong data-start=\"1229\" data-end=\"1247\">transformation<\/strong> : celle de la lumi\u00e8re qui devient mati\u00e8re, du r\u00e9el qui devient empreinte. Ses s\u00e9ries oscillent entre abstraction et figuration, et flirtent parfois avec le domaine de l\u2019<strong data-start=\"1417\" data-end=\"1444\">art brut photographique<\/strong>.<\/p><p data-start=\"1447\" data-end=\"1820\">Il transmet avec passion un savoir-faire rare, au service d\u2019une autre id\u00e9e de la photographie, plus tactile, plus incarn\u00e9e, presque artisanale.<\/p>\t\t\t\t\t\t\t\t<\/div>\n\t\t\t\t<\/div>\n\t\t\t\t<div class=\"elementor-element elementor-element-a8e6253 elementor-widget elementor-widget-html\" data-id=\"a8e6253\" data-element_type=\"widget\" data-e-type=\"widget\" data-widget_type=\"html.default\">\n\t\t\t\t<div class=\"elementor-widget-container\">\n\t\t\t\t\t<iframe src=\"https:\/\/embed.radiofrance.fr\/francebleu\/diffusion\/470ebb05-6612-4988-89b7-3f73b4de149d\" frameborder=\"0\" width=\"100%\" height=\"auto\"><\/iframe>\t\t\t\t<\/div>\n\t\t\t\t<\/div>\n\t\t\t\t<div class=\"elementor-element elementor-element-b520dc4 elementor-widget elementor-widget-heading\" data-id=\"b520dc4\" data-element_type=\"widget\" data-e-type=\"widget\" data-widget_type=\"heading.default\">\n\t\t\t\t<div class=\"elementor-widget-container\">\n\t\t\t\t\t<h2 class=\"elementor-heading-title elementor-size-default\">INSCRIPTION<\/h2>\t\t\t\t<\/div>\n\t\t\t\t<\/div>\n\t\t\t\t<div class=\"elementor-element elementor-element-9a19aa1 elementor-widget elementor-widget-html\" data-id=\"9a19aa1\" data-element_type=\"widget\" data-e-type=\"widget\" data-widget_type=\"html.default\">\n\t\t\t\t<div class=\"elementor-widget-container\">\n\t\t\t\t\t<iframe id=\"haWidget\" allowtransparency=\"true\" src=\"https:\/\/www.helloasso.com\/associations\/association-de-developpement-de-la-photographie-dans-le-vallon\/evenements\/stage-de-tirage-argentique-alternatif\/widget\" style=\"width: 100%; border: none;\" onload=\"window.addEventListener( 'message', e => { const dataHeight = e.data.height; const haWidgetElement = document.getElementById('haWidget'); haWidgetElement.height = dataHeight + 'px'; } )\" ><\/iframe>\t\t\t\t<\/div>\n\t\t\t\t<\/div>\n\t\t\t\t<div class=\"elementor-element elementor-element-061d01d elementor-widget-divider--view-line elementor-widget elementor-widget-divider\" data-id=\"061d01d\" data-element_type=\"widget\" data-e-type=\"widget\" data-widget_type=\"divider.default\">\n\t\t\t\t<div class=\"elementor-widget-container\">\n\t\t\t\t\t\t\t<div class=\"elementor-divider\">\n\t\t\t<span class=\"elementor-divider-separator\">\n\t\t\t\t\t\t<\/span>\n\t\t<\/div>\n\t\t\t\t\t\t<\/div>\n\t\t\t\t<\/div>\n\t\t\t\t<section class=\"elementor-section elementor-inner-section elementor-element elementor-element-30544c2 elementor-section-boxed elementor-section-height-default elementor-section-height-default\" data-id=\"30544c2\" data-element_type=\"section\" data-e-type=\"section\">\n\t\t\t\t\t\t<div class=\"elementor-container elementor-column-gap-default\">\n\t\t\t\t\t<div class=\"elementor-column elementor-col-50 elementor-inner-column elementor-element elementor-element-4a91d29\" data-id=\"4a91d29\" data-element_type=\"column\" data-e-type=\"column\">\n\t\t\t<div class=\"elementor-widget-wrap elementor-element-populated\">\n\t\t\t\t\t\t<div class=\"elementor-element elementor-element-0fba781 elementor-view-default elementor-widget elementor-widget-icon\" data-id=\"0fba781\" data-element_type=\"widget\" data-e-type=\"widget\" data-widget_type=\"icon.default\">\n\t\t\t\t<div class=\"elementor-widget-container\">\n\t\t\t\t\t\t\t<div class=\"elementor-icon-wrapper\">\n\t\t\t<div class=\"elementor-icon\">\n\t\t\t<i aria-hidden=\"true\" class=\"fas fa-info-circle\"><\/i>\t\t\t<\/div>\n\t\t<\/div>\n\t\t\t\t\t\t<\/div>\n\t\t\t\t<\/div>\n\t\t\t\t\t<\/div>\n\t\t<\/div>\n\t\t\t\t<div class=\"elementor-column elementor-col-50 elementor-inner-column elementor-element elementor-element-9f333b4\" data-id=\"9f333b4\" data-element_type=\"column\" data-e-type=\"column\">\n\t\t\t<div class=\"elementor-widget-wrap elementor-element-populated\">\n\t\t\t\t\t\t<div class=\"elementor-element elementor-element-0ed90cf elementor-widget elementor-widget-spacer\" data-id=\"0ed90cf\" data-element_type=\"widget\" data-e-type=\"widget\" data-widget_type=\"spacer.default\">\n\t\t\t\t<div class=\"elementor-widget-container\">\n\t\t\t\t\t\t\t<div class=\"elementor-spacer\">\n\t\t\t<div class=\"elementor-spacer-inner\"><\/div>\n\t\t<\/div>\n\t\t\t\t\t\t<\/div>\n\t\t\t\t<\/div>\n\t\t\t\t<div class=\"elementor-element elementor-element-625f77f elementor-widget elementor-widget-text-editor\" data-id=\"625f77f\" data-element_type=\"widget\" data-e-type=\"widget\" data-widget_type=\"text-editor.default\">\n\t\t\t\t<div class=\"elementor-widget-container\">\n\t\t\t\t\t\t\t\t\t<p>les 14 &amp; 15 Juin \u00a02025<\/p><p style=\"font-weight: 400;\"><strong>Tarif :<\/strong> 75 \u20ac<\/p><p style=\"font-weight: 400;\"><strong>Plus d\u2019informations sur\u00a0:\u00a0<\/strong><\/p><p style=\"font-weight: 400;\">Site internet : <a href=\"https:\/\/www.helloasso.com\/associations\/association-de-developpement-de-la-photographie-dans-le-vallon\/evenements\/stage-de-tirage-argentique-alternatif\" target=\"_blank\" rel=\"noopener nofollow\"><strong>Cliquez-ici <\/strong><\/a><\/p><p style=\"font-weight: 400;\">\u00a0<\/p><p style=\"font-weight: 400;\">\u00a0<\/p>\t\t\t\t\t\t\t\t<\/div>\n\t\t\t\t<\/div>\n\t\t\t\t\t<\/div>\n\t\t<\/div>\n\t\t\t\t\t<\/div>\n\t\t<\/section>\n\t\t\t\t<div class=\"elementor-element elementor-element-ff991a4 elementor-widget-divider--view-line elementor-widget elementor-widget-divider\" data-id=\"ff991a4\" data-element_type=\"widget\" data-e-type=\"widget\" data-widget_type=\"divider.default\">\n\t\t\t\t<div class=\"elementor-widget-container\">\n\t\t\t\t\t\t\t<div class=\"elementor-divider\">\n\t\t\t<span class=\"elementor-divider-separator\">\n\t\t\t\t\t\t<\/span>\n\t\t<\/div>\n\t\t\t\t\t\t<\/div>\n\t\t\t\t<\/div>\n\t\t\t\t\t<\/div>\n\t\t<\/div>\n\t\t\t\t\t<\/div>\n\t\t<\/section>\n\t\t\t\t<\/div>\n\t\t","protected":false},"excerpt":{"rendered":"<p>Pendant deux jours alternant th\u00e9orie, d\u00e9monstrations et pratique en chambre noire, Jacques REVON partagera son exp\u00e9rience et ses recherches autour de ces techniques originales, accessibles et surprenantes.<\/p>\n","protected":false},"author":1,"featured_media":23603,"comment_status":"closed","ping_status":"open","sticky":false,"template":"","format":"standard","meta":{"footnotes":""},"categories":[1474,16,25,33,31],"tags":[389,1557,481,1388,1389,1556,1552,1551,1550,1105,1348,1380,1554,1555,853],"class_list":["post-23598","post","type-post","status-publish","format-standard","has-post-thumbnail","hentry","category-35ans-aop-marcillac","category-culture","category-idees-dactivites","category-les-evenements","category-se-detendre","tag-photographie","tag-alternatif","tag-animation","tag-argentic","tag-argentique","tag-cafe","tag-contie","tag-cuve","tag-labo","tag-nb","tag-rencontre","tag-stage","tag-technique","tag-the","tag-vin"],"views":286,"_links":{"self":[{"href":"https:\/\/www.aveyronline.net\/index.php\/wp-json\/wp\/v2\/posts\/23598","targetHints":{"allow":["GET"]}}],"collection":[{"href":"https:\/\/www.aveyronline.net\/index.php\/wp-json\/wp\/v2\/posts"}],"about":[{"href":"https:\/\/www.aveyronline.net\/index.php\/wp-json\/wp\/v2\/types\/post"}],"author":[{"embeddable":true,"href":"https:\/\/www.aveyronline.net\/index.php\/wp-json\/wp\/v2\/users\/1"}],"replies":[{"embeddable":true,"href":"https:\/\/www.aveyronline.net\/index.php\/wp-json\/wp\/v2\/comments?post=23598"}],"version-history":[{"count":13,"href":"https:\/\/www.aveyronline.net\/index.php\/wp-json\/wp\/v2\/posts\/23598\/revisions"}],"predecessor-version":[{"id":23659,"href":"https:\/\/www.aveyronline.net\/index.php\/wp-json\/wp\/v2\/posts\/23598\/revisions\/23659"}],"wp:featuredmedia":[{"embeddable":true,"href":"https:\/\/www.aveyronline.net\/index.php\/wp-json\/wp\/v2\/media\/23603"}],"wp:attachment":[{"href":"https:\/\/www.aveyronline.net\/index.php\/wp-json\/wp\/v2\/media?parent=23598"}],"wp:term":[{"taxonomy":"category","embeddable":true,"href":"https:\/\/www.aveyronline.net\/index.php\/wp-json\/wp\/v2\/categories?post=23598"},{"taxonomy":"post_tag","embeddable":true,"href":"https:\/\/www.aveyronline.net\/index.php\/wp-json\/wp\/v2\/tags?post=23598"}],"curies":[{"name":"wp","href":"https:\/\/api.w.org\/{rel}","templated":true}]}}