{"id":25762,"date":"2026-09-01T16:57:31","date_gmt":"2026-09-01T14:57:31","guid":{"rendered":"https:\/\/www.aveyronline.net\/?p=25762"},"modified":"2026-09-01T17:05:55","modified_gmt":"2026-09-01T15:05:55","slug":"st-leon-fete-cheval2026","status":"publish","type":"post","link":"https:\/\/www.aveyronline.net\/index.php\/2026\/09\/01\/st-leon-fete-cheval2026\/","title":{"rendered":"Saint-L\u00e9ons au galop pour sa grande f\u00eate du cheval"},"content":{"rendered":"\t\t<div data-elementor-type=\"wp-post\" data-elementor-id=\"25762\" class=\"elementor elementor-25762\" data-elementor-post-type=\"post\">\n\t\t\t\t\t\t<section class=\"elementor-section elementor-top-section elementor-element elementor-element-ee53b6d elementor-section-full_width elementor-section-height-default elementor-section-height-default\" data-id=\"ee53b6d\" data-element_type=\"section\" data-e-type=\"section\" data-settings=\"{&quot;background_background&quot;:&quot;classic&quot;}\">\n\t\t\t\t\t\t<div class=\"elementor-container elementor-column-gap-default\">\n\t\t\t\t\t<div class=\"elementor-column elementor-col-100 elementor-top-column elementor-element elementor-element-c4bebda\" data-id=\"c4bebda\" data-element_type=\"column\" data-e-type=\"column\">\n\t\t\t<div class=\"elementor-widget-wrap elementor-element-populated\">\n\t\t\t\t\t\t<div class=\"elementor-element elementor-element-b520dc4 elementor-widget elementor-widget-heading\" data-id=\"b520dc4\" data-element_type=\"widget\" data-e-type=\"widget\" data-widget_type=\"heading.default\">\n\t\t\t\t<div class=\"elementor-widget-container\">\n\t\t\t\t\t<h2 class=\"elementor-heading-title elementor-size-default\">Saint-L\u00e9ons au galop<\/h2>\t\t\t\t<\/div>\n\t\t\t\t<\/div>\n\t\t\t\t<div class=\"elementor-element elementor-element-6f0dd2c elementor-widget elementor-widget-heading\" data-id=\"6f0dd2c\" data-element_type=\"widget\" data-e-type=\"widget\" data-widget_type=\"heading.default\">\n\t\t\t\t<div class=\"elementor-widget-container\">\n\t\t\t\t\t<h2 class=\"elementor-heading-title elementor-size-default\">pour sa grande f\u00eate du cheval...<\/h2>\t\t\t\t<\/div>\n\t\t\t\t<\/div>\n\t\t\t\t<div class=\"elementor-element elementor-element-11f62ae elementor-widget__width-initial elementor-widget elementor-widget-text-editor\" data-id=\"11f62ae\" data-element_type=\"widget\" data-e-type=\"widget\" data-widget_type=\"text-editor.default\">\n\t\t\t\t<div class=\"elementor-widget-container\">\n\t\t\t\t\t\t\t\t\t<p class=\"FirstParagraph\">Les 12 et 13 septembre 2026, Saint-L\u00e9ons vivra au rythme des sabots \u00e0 l\u2019occasion de la deuxi\u00e8me \u00e9dition de sa grande F\u00eate du cheval. Organis\u00e9 par l\u2019association Les Crini\u00e8res des Grands Causses, ce rendez-vous familial et populaire aura pour th\u00e8me \u00ab Le cheval, compagnon de vie \u00bb. Spectacles \u00e9questres, randonn\u00e9es, conf\u00e9rences, d\u00e9monstrations, animations pour les enfants et rencontres avec des professionnels rythmeront ces deux journ\u00e9es.<\/p>\t\t\t\t\t\t\t\t<\/div>\n\t\t\t\t<\/div>\n\t\t\t\t<div class=\"elementor-element elementor-element-d56d7ee elementor-widget elementor-widget-image\" data-id=\"d56d7ee\" data-element_type=\"widget\" data-e-type=\"widget\" data-widget_type=\"image.default\">\n\t\t\t\t<div class=\"elementor-widget-container\">\n\t\t\t\t\t\t\t\t\t\t\t\t\t\t\t<img fetchpriority=\"high\" decoding=\"async\" width=\"800\" height=\"500\" src=\"https:\/\/www.aveyronline.net\/wp-content\/uploads\/2026\/09\/Fest_Cheval04-1024x640.jpg\" class=\"attachment-large size-large wp-image-25768\" alt=\"\" srcset=\"https:\/\/www.aveyronline.net\/wp-content\/uploads\/2026\/09\/Fest_Cheval04-1024x640.jpg 1024w, https:\/\/www.aveyronline.net\/wp-content\/uploads\/2026\/09\/Fest_Cheval04-300x188.jpg 300w, https:\/\/www.aveyronline.net\/wp-content\/uploads\/2026\/09\/Fest_Cheval04-768x480.jpg 768w, https:\/\/www.aveyronline.net\/wp-content\/uploads\/2026\/09\/Fest_Cheval04.jpg 1280w\" sizes=\"(max-width: 800px) 100vw, 800px\" title=\"\">\t\t\t\t\t\t\t\t\t\t\t\t\t\t\t<\/div>\n\t\t\t\t<\/div>\n\t\t\t\t<div class=\"elementor-element elementor-element-8a88671 elementor-widget elementor-widget-text-editor\" data-id=\"8a88671\" data-element_type=\"widget\" data-e-type=\"widget\" data-widget_type=\"text-editor.default\">\n\t\t\t\t<div class=\"elementor-widget-container\">\n\t\t\t\t\t\t\t\t\t<p class=\"isSelectedEnd\">Apr\u00e8s le succ\u00e8s rencontr\u00e9 en 2025, l\u2019association Les Crini\u00e8res des Grands Causses entend faire de cette nouvelle \u00e9dition un temps fort de l\u2019agenda aveyronnais. Le village de Saint-L\u00e9ons accueillera cavaliers, \u00e9leveurs, artistes, th\u00e9rapeutes, exposants et amoureux du cheval autour d\u2019un programme particuli\u00e8rement riche.<\/p><p class=\"isSelectedEnd\">Gaston Mercier, c\u00e9l\u00e8bre champion d\u2019Europe d\u2019endurance, sera une nouvelle fois le parrain de la manifestation. Il partagera avec le public sa passion, son exp\u00e9rience et sa connaissance du cheval.<\/p><p class=\"isSelectedEnd\">Cette f\u00eate repose sur une v\u00e9ritable mobilisation collective. Elle b\u00e9n\u00e9ficie du soutien de la mairie de Saint-L\u00e9ons, qui met \u00e0 disposition plusieurs sites et du mat\u00e9riel, mais aussi de partenaires, sponsors et donateurs locaux et aveyronnais. Les Amis des chevaux d\u2019Auvergne, l\u2019ANCRA, le D\u00e9partement, la communaut\u00e9 de communes et la commune accompagnent \u00e9galement l\u2019\u00e9v\u00e9nement, port\u00e9 par l\u2019investissement des nombreux b\u00e9n\u00e9voles.<\/p><p>La pr\u00e9sence de Samuel B\u00e9nibre, journaliste \u00e0 Mag\u2019\u00e9questre, contribuera \u00e0 donner \u00e0 la manifestation une visibilit\u00e9 \u00e9largie et \u00e0 faire d\u00e9couvrir toute la richesse du lien entre l\u2019\u00eatre humain et le cheval.<\/p>\t\t\t\t\t\t\t\t<\/div>\n\t\t\t\t<\/div>\n\t\t\t\t<div class=\"elementor-element elementor-element-f143991 elementor-widget elementor-widget-heading\" data-id=\"f143991\" data-element_type=\"widget\" data-e-type=\"widget\" data-widget_type=\"heading.default\">\n\t\t\t\t<div class=\"elementor-widget-container\">\n\t\t\t\t\t<h2 class=\"elementor-heading-title elementor-size-default\">Samedi 12 septembre <\/h2>\t\t\t\t<\/div>\n\t\t\t\t<\/div>\n\t\t\t\t<div class=\"elementor-element elementor-element-06bee66 elementor-widget elementor-widget-heading\" data-id=\"06bee66\" data-element_type=\"widget\" data-e-type=\"widget\" data-widget_type=\"heading.default\">\n\t\t\t\t<div class=\"elementor-widget-container\">\n\t\t\t\t\t<h2 class=\"elementor-heading-title elementor-size-default\">Randonn\u00e9es, rencontres et soir\u00e9e \u00e9questre.<\/h2>\t\t\t\t<\/div>\n\t\t\t\t<\/div>\n\t\t\t\t<div class=\"elementor-element elementor-element-8df7036 elementor-widget elementor-widget-text-editor\" data-id=\"8df7036\" data-element_type=\"widget\" data-e-type=\"widget\" data-widget_type=\"text-editor.default\">\n\t\t\t\t<div class=\"elementor-widget-container\">\n\t\t\t\t\t\t\t\t\t<p class=\"isSelectedEnd\">La f\u00eate d\u00e9butera d\u00e8s 10 heures sur le terrain communal avec un vide-sellerie ouvert \u00e0 tous, install\u00e9 autour de la carri\u00e8re et accessible toute la journ\u00e9e. Cavaliers, passionn\u00e9s et curieux pourront y acheter ou vendre du mat\u00e9riel et des \u00e9quipements \u00e9questres.<\/p><p class=\"isSelectedEnd\">Le tarif est fix\u00e9 \u00e0 5 euros pour un emplacement de trois m\u00e8tres. L\u2019inscription est obligatoire aupr\u00e8s de Chlo\u00e9 au 07 84 16 78 04. Une buvette ainsi qu\u2019un espace proposant cr\u00eapes et restauration seront ouverts de 10 heures \u00e0 23 heures.<\/p><p class=\"isSelectedEnd\">\u00c0 14 heures, les participants aux deux randonn\u00e9es propos\u00e9es au cours de l\u2019apr\u00e8s-midi seront invit\u00e9s \u00e0 se rassembler pour un d\u00e9part \u00e0 14 h 30.<\/p><p class=\"isSelectedEnd\">La randonn\u00e9e \u00e9questre suivra un parcours balis\u00e9 de 19 kilom\u00e8tres \u00e0 travers les causses et les cr\u00eates des monts du L\u00e9v\u00e9zou. Elle est ouverte aux cavaliers propri\u00e9taires. Le port du casque est obligatoire et les chevaux devront \u00eatre vaccin\u00e9s, avec pr\u00e9sentation d\u2019un carnet \u00e0 jour.<\/p><p class=\"isSelectedEnd\">La participation est fix\u00e9e \u00e0 10 euros pour les adh\u00e9rents de l\u2019association et \u00e0 15 euros pour les non-adh\u00e9rents. Les inscriptions sont obligatoires aupr\u00e8s d\u2019Amandine au 06 71 51 05 70. \u00c0 leur retour, un go\u00fbter sera offert aux cavaliers \u00e0 la buvette.<\/p><p>Une randonn\u00e9e p\u00e9destre de 8 kilom\u00e8tres, ouverte \u00e0 tous, permettra \u00e9galement de d\u00e9couvrir les paysages des cr\u00eates. Propos\u00e9e par l\u2019association L\u00e9ons\u2019Bouge, elle sera accompagn\u00e9e par Didier Gayraud. La participation, fix\u00e9e \u00e0 5 euros, sera revers\u00e9e \u00e0 l\u2019association. Les inscriptions peuvent \u00eatre effectu\u00e9es au 06 88 89 20 99. Un go\u00fbter attendra \u00e9galement les marcheurs \u00e0 leur retour.<\/p>\t\t\t\t\t\t\t\t<\/div>\n\t\t\t\t<\/div>\n\t\t\t\t<div class=\"elementor-element elementor-element-10d8f07 elementor-widget elementor-widget-image\" data-id=\"10d8f07\" data-element_type=\"widget\" data-e-type=\"widget\" data-widget_type=\"image.default\">\n\t\t\t\t<div class=\"elementor-widget-container\">\n\t\t\t\t\t\t\t\t\t\t\t\t\t\t\t<img decoding=\"async\" width=\"800\" height=\"500\" src=\"https:\/\/www.aveyronline.net\/wp-content\/uploads\/2026\/09\/Fest_Cheval02-1024x640.jpg\" class=\"attachment-large size-large wp-image-25766\" alt=\"\" srcset=\"https:\/\/www.aveyronline.net\/wp-content\/uploads\/2026\/09\/Fest_Cheval02-1024x640.jpg 1024w, https:\/\/www.aveyronline.net\/wp-content\/uploads\/2026\/09\/Fest_Cheval02-300x188.jpg 300w, https:\/\/www.aveyronline.net\/wp-content\/uploads\/2026\/09\/Fest_Cheval02-768x480.jpg 768w, https:\/\/www.aveyronline.net\/wp-content\/uploads\/2026\/09\/Fest_Cheval02.jpg 1280w\" sizes=\"(max-width: 800px) 100vw, 800px\" title=\"\">\t\t\t\t\t\t\t\t\t\t\t\t\t\t\t<\/div>\n\t\t\t\t<\/div>\n\t\t\t\t<div class=\"elementor-element elementor-element-796283d elementor-widget elementor-widget-spacer\" data-id=\"796283d\" data-element_type=\"widget\" data-e-type=\"widget\" data-widget_type=\"spacer.default\">\n\t\t\t\t<div class=\"elementor-widget-container\">\n\t\t\t\t\t\t\t<div class=\"elementor-spacer\">\n\t\t\t<div class=\"elementor-spacer-inner\"><\/div>\n\t\t<\/div>\n\t\t\t\t\t\t<\/div>\n\t\t\t\t<\/div>\n\t\t\t\t<div class=\"elementor-element elementor-element-df281c7 elementor-widget elementor-widget-heading\" data-id=\"df281c7\" data-element_type=\"widget\" data-e-type=\"widget\" data-widget_type=\"heading.default\">\n\t\t\t\t<div class=\"elementor-widget-container\">\n\t\t\t\t\t<h2 class=\"elementor-heading-title elementor-size-default\">\u00c9quith\u00e9rapie, clown et mara\u00eechage avec un \u00e2ne<\/h2>\t\t\t\t<\/div>\n\t\t\t\t<\/div>\n\t\t\t\t<div class=\"elementor-element elementor-element-d4ea0bb elementor-widget elementor-widget-text-editor\" data-id=\"d4ea0bb\" data-element_type=\"widget\" data-e-type=\"widget\" data-widget_type=\"text-editor.default\">\n\t\t\t\t<div class=\"elementor-widget-container\">\n\t\t\t\t\t\t\t\t\t<p class=\"isSelectedEnd\">\u00c0 15 heures, une s\u00e9ance d\u2019\u00e9quith\u00e9rapie sera organis\u00e9e sous le chapiteau \u00e0 destination des r\u00e9sidents de la Maison d\u2019accueil sp\u00e9cialis\u00e9e de Saint-L\u00e9ons. Elle sera anim\u00e9e par Marie-Caroline Bec, \u00e9quith\u00e9rapeute et psychomotricienne, accompagn\u00e9e de Nadine et de Nuage, un adorable poney pr\u00eat\u00e9 par S\u00e9bastien Landeau, du Ranch du L\u00e9v\u00e9zou. Un go\u00fbter sera offert aux r\u00e9sidents \u00e0 l\u2019issue de la s\u00e9ance.<\/p><p class=\"isSelectedEnd\">\u00c0 15 h 45, place aux enfants avec un spectacle gratuit pr\u00e9sent\u00e9 par Fausto le clown. Chlo\u00e9 proposera \u00e9galement des s\u00e9ances de maquillage gratuites.<\/p><p class=\"isSelectedEnd\">\u00c0 16 heures, sur un terrain situ\u00e9 \u00e0 proximit\u00e9 de Micropolis et mis \u00e0 disposition par Ga\u00e9tan Bernad, Tanguy V\u00e9zinet r\u00e9alisera une d\u00e9monstration gratuite de mara\u00eechage avec son \u00e2ne andalou. Mara\u00eecher \u00e0 Millau, il cultive et transforme ses propres l\u00e9gumes en travaillant aux c\u00f4t\u00e9s de ses animaux.<\/p><p class=\"isSelectedEnd\">Il prolongera cette d\u00e9monstration \u00e0 17 heures, au chalet, par une conf\u00e9rence consacr\u00e9e \u00e0 la relation particuli\u00e8re qu\u2019il entretient avec ses \u00e2nes andalous. La rencontre, pr\u00e9sent\u00e9e par \u00c9ric Robert, sera accessible gratuitement.<\/p>\t\t\t\t\t\t\t\t<\/div>\n\t\t\t\t<\/div>\n\t\t\t\t<div class=\"elementor-element elementor-element-634da6f elementor-widget elementor-widget-heading\" data-id=\"634da6f\" data-element_type=\"widget\" data-e-type=\"widget\" data-widget_type=\"heading.default\">\n\t\t\t\t<div class=\"elementor-widget-container\">\n\t\t\t\t\t<h2 class=\"elementor-heading-title elementor-size-default\">Du savoir-faire du charron au cheval d\u2019Auvergne<\/h2>\t\t\t\t<\/div>\n\t\t\t\t<\/div>\n\t\t\t\t<div class=\"elementor-element elementor-element-a5ce2ff elementor-widget elementor-widget-text-editor\" data-id=\"a5ce2ff\" data-element_type=\"widget\" data-e-type=\"widget\" data-widget_type=\"text-editor.default\">\n\t\t\t\t<div class=\"elementor-widget-container\">\n\t\t\t\t\t\t\t\t\t<p class=\"isSelectedEnd\">\u00c0 18 heures, le chalet accueillera la projection gratuite du film de Pierre Delorme, \u00ab<em><strong> Le savoir-faire du charron<\/strong> <\/em>\u00bb, pr\u00e9sent\u00e9 par Armelle Lemaire et \u00c9ric Robert. Ce documentaire raconte notamment l\u2019histoire de Raymond Souli\u00e9, charron \u00e0 Castelnau-P\u00e9gayrols, et met en lumi\u00e8re un m\u00e9tier traditionnel intimement li\u00e9 \u00e0 l\u2019histoire du monde rural et du cheval.<\/p><p class=\"isSelectedEnd\">\u00c0 19 heures, Claire Chalvignac, de l\u2019Association nationale du cheval de race Auvergne, retracera sur le terrain communal l\u2019histoire du cheval d\u2019Auvergne \u00e0 travers une pr\u00e9sentation mont\u00e9e. Cette rencontre sera suivie d\u2019un ap\u00e9ritif.<\/p>\t\t\t\t\t\t\t\t<\/div>\n\t\t\t\t<\/div>\n\t\t\t\t<div class=\"elementor-element elementor-element-1644ee5 elementor-widget elementor-widget-heading\" data-id=\"1644ee5\" data-element_type=\"widget\" data-e-type=\"widget\" data-widget_type=\"heading.default\">\n\t\t\t\t<div class=\"elementor-widget-container\">\n\t\t\t\t\t<h2 class=\"elementor-heading-title elementor-size-default\">Tapas, guinguette et spectacle sous les lampions<\/h2>\t\t\t\t<\/div>\n\t\t\t\t<\/div>\n\t\t\t\t<div class=\"elementor-element elementor-element-16acd2c elementor-widget elementor-widget-text-editor\" data-id=\"16acd2c\" data-element_type=\"widget\" data-e-type=\"widget\" data-widget_type=\"text-editor.default\">\n\t\t\t\t<div class=\"elementor-widget-container\">\n\t\t\t\t\t\t\t\t\t<p class=\"isSelectedEnd\">La soir\u00e9e se poursuivra sous le chapiteau dans une ambiance de guinguette anim\u00e9e par Thibault Mas, de Saint-L\u00e9ons. Pauline pr\u00e9parera une s\u00e9lection de tapas maison, accompagn\u00e9s d\u2019une sangria confectionn\u00e9e par Christelle, toutes deux membres de l\u2019association Les Crini\u00e8res des Grands Causses.<\/p><p class=\"isSelectedEnd\"><span style=\"text-decoration: underline;\"><strong>Au menu<\/strong><\/span> : tenders, croquettes d\u2019aligot, duo de tartinades, wraps au thon et aux crudit\u00e9s, wraps au jambon et aux crudit\u00e9s, planches de fromages et de charcuteries locales, sans oublier les frites.<\/p><p class=\"isSelectedEnd\">La r\u00e9servation des tapas est obligatoire aupr\u00e8s de Nadine au 06 33 33 13 53.<\/p><p>\u00c0 21 heures, cette premi\u00e8re journ\u00e9e s\u2019ach\u00e8vera sous les lampions avec \u00ab Ange et D\u00e9mon \u00bb, un spectacle gratuit propos\u00e9 par la <em><strong>troupe EBHO \u2013 European Berber Horse Organization<\/strong> <\/em>\u2013, pr\u00e9sente pendant les deux jours. Les artistes seront accompagn\u00e9s de Carla Petot et de ses danses flamenco.<\/p>\t\t\t\t\t\t\t\t<\/div>\n\t\t\t\t<\/div>\n\t\t\t\t<div class=\"elementor-element elementor-element-2d7a542 elementor-widget elementor-widget-image\" data-id=\"2d7a542\" data-element_type=\"widget\" data-e-type=\"widget\" data-widget_type=\"image.default\">\n\t\t\t\t<div class=\"elementor-widget-container\">\n\t\t\t\t\t\t\t\t\t\t\t\t\t\t\t<img decoding=\"async\" width=\"800\" height=\"500\" src=\"https:\/\/www.aveyronline.net\/wp-content\/uploads\/2026\/09\/Fest_Cheval03-1024x640.jpg\" class=\"attachment-large size-large wp-image-25767\" alt=\"\" srcset=\"https:\/\/www.aveyronline.net\/wp-content\/uploads\/2026\/09\/Fest_Cheval03-1024x640.jpg 1024w, https:\/\/www.aveyronline.net\/wp-content\/uploads\/2026\/09\/Fest_Cheval03-300x188.jpg 300w, https:\/\/www.aveyronline.net\/wp-content\/uploads\/2026\/09\/Fest_Cheval03-768x480.jpg 768w, https:\/\/www.aveyronline.net\/wp-content\/uploads\/2026\/09\/Fest_Cheval03.jpg 1280w\" sizes=\"(max-width: 800px) 100vw, 800px\" title=\"\">\t\t\t\t\t\t\t\t\t\t\t\t\t\t\t<\/div>\n\t\t\t\t<\/div>\n\t\t\t\t<div class=\"elementor-element elementor-element-78c438c elementor-widget-divider--view-line elementor-widget elementor-widget-divider\" data-id=\"78c438c\" data-element_type=\"widget\" data-e-type=\"widget\" data-widget_type=\"divider.default\">\n\t\t\t\t<div class=\"elementor-widget-container\">\n\t\t\t\t\t\t\t<div class=\"elementor-divider\">\n\t\t\t<span class=\"elementor-divider-separator\">\n\t\t\t\t\t\t<\/span>\n\t\t<\/div>\n\t\t\t\t\t\t<\/div>\n\t\t\t\t<\/div>\n\t\t\t\t<div class=\"elementor-element elementor-element-257c622 elementor-widget elementor-widget-spacer\" data-id=\"257c622\" data-element_type=\"widget\" data-e-type=\"widget\" data-widget_type=\"spacer.default\">\n\t\t\t\t<div class=\"elementor-widget-container\">\n\t\t\t\t\t\t\t<div class=\"elementor-spacer\">\n\t\t\t<div class=\"elementor-spacer-inner\"><\/div>\n\t\t<\/div>\n\t\t\t\t\t\t<\/div>\n\t\t\t\t<\/div>\n\t\t\t\t<div class=\"elementor-element elementor-element-215be0f elementor-widget elementor-widget-heading\" data-id=\"215be0f\" data-element_type=\"widget\" data-e-type=\"widget\" data-widget_type=\"heading.default\">\n\t\t\t\t<div class=\"elementor-widget-container\">\n\t\t\t\t\t<h2 class=\"elementor-heading-title elementor-size-default\">Dimanche 13 septembre <\/h2>\t\t\t\t<\/div>\n\t\t\t\t<\/div>\n\t\t\t\t<div class=\"elementor-element elementor-element-2175091 elementor-widget elementor-widget-heading\" data-id=\"2175091\" data-element_type=\"widget\" data-e-type=\"widget\" data-widget_type=\"heading.default\">\n\t\t\t\t<div class=\"elementor-widget-container\">\n\t\t\t\t\t<h2 class=\"elementor-heading-title elementor-size-default\">Une journ\u00e9e pour toute la famille..<\/h2>\t\t\t\t<\/div>\n\t\t\t\t<\/div>\n\t\t\t\t<div class=\"elementor-element elementor-element-5eb894a elementor-widget elementor-widget-text-editor\" data-id=\"5eb894a\" data-element_type=\"widget\" data-e-type=\"widget\" data-widget_type=\"text-editor.default\">\n\t\t\t\t<div class=\"elementor-widget-container\">\n\t\t\t\t\t\t\t\t\t<p class=\"isSelectedEnd\">Le dimanche, la f\u00eate reprendra de 9 h 30 \u00e0 18 h 30. Habitants, familles, cavaliers et passionn\u00e9s sont attendus nombreux pour profiter des spectacles, des rencontres et des animations.<\/p><p class=\"isSelectedEnd\">Une grande tombola sera organis\u00e9e tout au long de la journ\u00e9e, avec un lot exceptionnel : un week-end pour deux personnes \u00e0 Saint-L\u00e9ons. Le tirage aura lieu \u00e0 18 heures \u00e0 l\u2019espace Jean-Henri Fabre.<\/p><p class=\"isSelectedEnd\">D\u00e8s 10 heures, les enfants pourront profiter de balades en cal\u00e8che avec Guy Roum\u00e9gous et de promenades \u00e0 poney propos\u00e9es par Camille Ficatier, des Deux Chouettes \u00e0 Curan.<\/p><p class=\"isSelectedEnd\">Un p\u00f4le enti\u00e8rement gratuit leur sera consacr\u00e9 dans la salle de la Valette et sur son parvis. Il r\u00e9unira un ch\u00e2teau gonflable, des jeux, des ateliers cr\u00e9atifs et diff\u00e9rentes animations encadr\u00e9es par des adultes, sous la responsabilit\u00e9 des parents.<\/p><p class=\"isSelectedEnd\">Les enfants pourront notamment participer \u00e0 un atelier cuir pour fabriquer un masque de Zorro, peindre un fer \u00e0 cheval, dessiner ou profiter d\u2019un espace de lecture. Dans l\u2019apr\u00e8s-midi, Pauline leur proposera \u00e9galement un temps consacr\u00e9 aux contes.<\/p><p>Quatre expositions autour de la nature et des chevaux seront accessibles librement, avec des \u0153uvres de Magali Ravaille, Jos\u00e9 Blanchard, Jean-Marc Rolland et Charly S\u00e9guret-Albouy.<\/p>\t\t\t\t\t\t\t\t<\/div>\n\t\t\t\t<\/div>\n\t\t\t\t<div class=\"elementor-element elementor-element-9891772 elementor-widget elementor-widget-heading\" data-id=\"9891772\" data-element_type=\"widget\" data-e-type=\"widget\" data-widget_type=\"heading.default\">\n\t\t\t\t<div class=\"elementor-widget-container\">\n\t\t\t\t\t<h2 class=\"elementor-heading-title elementor-size-default\">Une trentaine d\u2019exposants et plusieurs conf\u00e9rences<\/h2>\t\t\t\t<\/div>\n\t\t\t\t<\/div>\n\t\t\t\t<div class=\"elementor-element elementor-element-184ed40 elementor-widget elementor-widget-text-editor\" data-id=\"184ed40\" data-element_type=\"widget\" data-e-type=\"widget\" data-widget_type=\"text-editor.default\">\n\t\t\t\t<div class=\"elementor-widget-container\">\n\t\t\t\t\t\t\t\t\t<p class=\"isSelectedEnd\">\u00c0 l\u2019espace Jean-Henri Fabre et sur son parvis, une trentaine d\u2019exposants accueilleront le public de 9 h 30 \u00e0 18 h 30. Le Comit\u00e9 d\u00e9partemental d\u2019\u00e9quitation sera pr\u00e9sent avec un stand. Les visiteurs pourront notamment rencontrer son pr\u00e9sident, Yves Combet, qui apporte son soutien \u00e0 la manifestation.<\/p><p class=\"isSelectedEnd\">\u00c0 10 heures, \u00c9ric Darley, de l\u2019Alambic du Larzac, animera une conf\u00e9rence gratuite consacr\u00e9e \u00e0 \u00ab L\u2019aromath\u00e9rapie : aide alimentaire, m\u00e9dicale et \u00e9motionnelle pour les chevaux \u00bb.<\/p><p class=\"isSelectedEnd\">De 10 h 45 \u00e0 11 h 30, la sc\u00e8ne sera ouverte \u00e0 de courtes prises de parole sur deux th\u00e8mes : \u00ab Le cheval qui a chang\u00e9 ma vie \u00bb et \u00ab Mon activit\u00e9 de th\u00e9rapeute ou mon activit\u00e9 \u00e9questre sous les projecteurs \u00bb.<\/p><p>L\u2019inauguration officielle se d\u00e9roulera \u00e0 11 h 30 en pr\u00e9sence de Gaston Mercier, parrain de l\u2019\u00e9v\u00e9nement, du journaliste Samuel B\u00e9nibre, de l\u2019animateur, des membres du bureau des Crini\u00e8res des Grands Causses, des partenaires, donateurs et \u00e9lus. Un ap\u00e9ritif convivial sera offert \u00e0 l\u2019issue de ce temps officiel.<\/p>\t\t\t\t\t\t\t\t<\/div>\n\t\t\t\t<\/div>\n\t\t\t\t<div class=\"elementor-element elementor-element-f370b82 elementor-widget elementor-widget-heading\" data-id=\"f370b82\" data-element_type=\"widget\" data-e-type=\"widget\" data-widget_type=\"heading.default\">\n\t\t\t\t<div class=\"elementor-widget-container\">\n\t\t\t\t\t<h2 class=\"elementor-heading-title elementor-size-default\">Le cheval, v\u00e9ritable compagnon de vie<\/h2>\t\t\t\t<\/div>\n\t\t\t\t<\/div>\n\t\t\t\t<div class=\"elementor-element elementor-element-f64c893 elementor-widget elementor-widget-text-editor\" data-id=\"f64c893\" data-element_type=\"widget\" data-e-type=\"widget\" data-widget_type=\"text-editor.default\">\n\t\t\t\t<div class=\"elementor-widget-container\">\n\t\t\t\t\t\t\t\t\t<p class=\"isSelectedEnd\">De 12 heures \u00e0 13 h 30, Samuel B\u00e9nibre animera une table ronde consacr\u00e9e au th\u00e8me central de cette \u00e9dition : \u00ab Qu\u2019est-ce qui fait du cheval un v\u00e9ritable compagnon de vie ? \u00bb<\/p><p class=\"isSelectedEnd\">Plusieurs invit\u00e9s viendront partager leur exp\u00e9rience et leur regard : Gaston Mercier pour l\u2019endurance \u00e9questre, Tanguy V\u00e9zinet pour le mara\u00eechage avec ses \u00e2nes, Christophe Tosanic pour l\u2019\u00e9quitation et le spectacle, Chrystel Alquier pour le para-dressage, Alexia Laperre de la Ferme du Mulet \u00c9qui-Zen et Philippe Maurin, randonneur \u00e9questre autonome.<\/p><p>\u00c0 partir de 11 h 30, la restauration sera assur\u00e9e sur le parvis par V\u00e9ro et Franck, de la Ferme du L\u00e9v\u00e9zou \u00e0 V\u00e9zins. L\u2019association proposera \u00e9galement des cr\u00eapes et une buvette tout au long de la journ\u00e9e.<\/p>\t\t\t\t\t\t\t\t<\/div>\n\t\t\t\t<\/div>\n\t\t\t\t<div class=\"elementor-element elementor-element-00af145 elementor-widget elementor-widget-heading\" data-id=\"00af145\" data-element_type=\"widget\" data-e-type=\"widget\" data-widget_type=\"heading.default\">\n\t\t\t\t<div class=\"elementor-widget-container\">\n\t\t\t\t\t<h2 class=\"elementor-heading-title elementor-size-default\">Une grande fresque vivante sur l\u2019histoire du cheval<\/h2>\t\t\t\t<\/div>\n\t\t\t\t<\/div>\n\t\t\t\t<div class=\"elementor-element elementor-element-d16fa80 elementor-widget elementor-widget-text-editor\" data-id=\"d16fa80\" data-element_type=\"widget\" data-e-type=\"widget\" data-widget_type=\"text-editor.default\">\n\t\t\t\t<div class=\"elementor-widget-container\">\n\t\t\t\t\t\t\t\t\t<p class=\"isSelectedEnd\">D\u00e8s 10 heures, le terrain communal accueillera une pr\u00e9sentation d\u2019\u00e9thologie avec les alpagas de Laurent, des Z\u2019Alpagas de Millau. L\u2019ANCRA \u2013 Association nationale du cheval de race Auvergne \u2013 sera \u00e9galement pr\u00e9sente avec plusieurs repr\u00e9sentants de cette race.<\/p><p class=\"isSelectedEnd\">\u00c0 13 h 30, la carri\u00e8re deviendra le th\u00e9\u00e2tre d\u2019un grand d\u00e9fil\u00e9 comment\u00e9 intitul\u00e9 \u00ab Le cheval au fil du temps \u00bb. Pr\u00e9sent\u00e9e par les b\u00e9n\u00e9voles sous la direction d\u2019Aur\u00e9lie, cette fresque vivante racontera l\u2019histoire du cheval \u00e0 travers les \u00e2ges, depuis sa domestication jusqu\u2019\u00e0 nos jours.<\/p><p class=\"isSelectedEnd\">Une succession de tableaux mettra en lumi\u00e8re la place essentielle occup\u00e9e par le cheval dans les soci\u00e9t\u00e9s humaines et la relation profonde, pr\u00e9cieuse et durable qui unit l\u2019homme \u00e0 l\u2019animal.<\/p><p>\u00c0 15 h 30, Nicolas Perrain pr\u00e9sentera la race Auvergne ainsi que les actions men\u00e9es par l\u2019ANCRA pour sa reconnaissance et sa pr\u00e9servation.<\/p>\t\t\t\t\t\t\t\t<\/div>\n\t\t\t\t<\/div>\n\t\t\t\t<section class=\"elementor-section elementor-inner-section elementor-element elementor-element-5d9f66f elementor-section-boxed elementor-section-height-default elementor-section-height-default\" data-id=\"5d9f66f\" data-element_type=\"section\" data-e-type=\"section\">\n\t\t\t\t\t\t<div class=\"elementor-container elementor-column-gap-default\">\n\t\t\t\t\t<div class=\"elementor-column elementor-col-50 elementor-inner-column elementor-element elementor-element-1737738\" data-id=\"1737738\" data-element_type=\"column\" data-e-type=\"column\">\n\t\t\t<div class=\"elementor-widget-wrap elementor-element-populated\">\n\t\t\t\t\t\t<div class=\"elementor-element elementor-element-955b127 elementor-widget elementor-widget-spacer\" data-id=\"955b127\" data-element_type=\"widget\" data-e-type=\"widget\" data-widget_type=\"spacer.default\">\n\t\t\t\t<div class=\"elementor-widget-container\">\n\t\t\t\t\t\t\t<div class=\"elementor-spacer\">\n\t\t\t<div class=\"elementor-spacer-inner\"><\/div>\n\t\t<\/div>\n\t\t\t\t\t\t<\/div>\n\t\t\t\t<\/div>\n\t\t\t\t<div class=\"elementor-element elementor-element-a20d079 elementor-widget elementor-widget-heading\" data-id=\"a20d079\" data-element_type=\"widget\" data-e-type=\"widget\" data-widget_type=\"heading.default\">\n\t\t\t\t<div class=\"elementor-widget-container\">\n\t\t\t\t\t<h2 class=\"elementor-heading-title elementor-size-default\">\u00ab Amtawa \u00bb, un grand spectacle entre voltige, flamenco et fauconnerie<\/h2>\t\t\t\t<\/div>\n\t\t\t\t<\/div>\n\t\t\t\t<div class=\"elementor-element elementor-element-b0b964d elementor-widget elementor-widget-text-editor\" data-id=\"b0b964d\" data-element_type=\"widget\" data-e-type=\"widget\" data-widget_type=\"text-editor.default\">\n\t\t\t\t<div class=\"elementor-widget-container\">\n\t\t\t\t\t\t\t\t\t<p class=\"isSelectedEnd\">\u00c0 16 heures, le public assistera au grand spectacle \u00e9questre de la journ\u00e9e. <strong>La troupe EBHO<\/strong>, men\u00e9e par St\u00e9phanie et Christophe Tosanic et leurs enfants, avec la participation de Souen Lerosier et de Carla Petot, pr\u00e9sentera \u00ab Amtawa \u00bb, un mot qui signifie \u00ab harmonie \u00bb en berb\u00e8re.<\/p><p>Voltige, dressage, danse flamenco et fauconnerie composeront ce spectacle qui mettra tout particuli\u00e8rement \u00e0 l\u2019honneur le cheval barbe.<\/p>\t\t\t\t\t\t\t\t<\/div>\n\t\t\t\t<\/div>\n\t\t\t\t\t<\/div>\n\t\t<\/div>\n\t\t\t\t<div class=\"elementor-column elementor-col-50 elementor-inner-column elementor-element elementor-element-45b5e97\" data-id=\"45b5e97\" data-element_type=\"column\" data-e-type=\"column\">\n\t\t\t<div class=\"elementor-widget-wrap elementor-element-populated\">\n\t\t\t\t\t\t<div class=\"elementor-element elementor-element-df1c901 elementor-widget elementor-widget-image\" data-id=\"df1c901\" data-element_type=\"widget\" data-e-type=\"widget\" data-widget_type=\"image.default\">\n\t\t\t\t<div class=\"elementor-widget-container\">\n\t\t\t\t\t\t\t\t\t\t\t\t\t\t\t<img loading=\"lazy\" decoding=\"async\" width=\"549\" height=\"1069\" src=\"https:\/\/www.aveyronline.net\/wp-content\/uploads\/2026\/09\/20260515_153516.jpg\" class=\"attachment-full size-full wp-image-25764\" alt=\"\" srcset=\"https:\/\/www.aveyronline.net\/wp-content\/uploads\/2026\/09\/20260515_153516.jpg 549w, https:\/\/www.aveyronline.net\/wp-content\/uploads\/2026\/09\/20260515_153516-154x300.jpg 154w, https:\/\/www.aveyronline.net\/wp-content\/uploads\/2026\/09\/20260515_153516-526x1024.jpg 526w\" sizes=\"(max-width: 549px) 100vw, 549px\" title=\"\">\t\t\t\t\t\t\t\t\t\t\t\t\t\t\t<\/div>\n\t\t\t\t<\/div>\n\t\t\t\t\t<\/div>\n\t\t<\/div>\n\t\t\t\t\t<\/div>\n\t\t<\/section>\n\t\t\t\t<div class=\"elementor-element elementor-element-aeb6f5f elementor-widget elementor-widget-spacer\" data-id=\"aeb6f5f\" data-element_type=\"widget\" data-e-type=\"widget\" data-widget_type=\"spacer.default\">\n\t\t\t\t<div class=\"elementor-widget-container\">\n\t\t\t\t\t\t\t<div class=\"elementor-spacer\">\n\t\t\t<div class=\"elementor-spacer-inner\"><\/div>\n\t\t<\/div>\n\t\t\t\t\t\t<\/div>\n\t\t\t\t<\/div>\n\t\t\t\t<div class=\"elementor-element elementor-element-ff991a4 elementor-widget-divider--view-line elementor-widget elementor-widget-divider\" data-id=\"ff991a4\" data-element_type=\"widget\" data-e-type=\"widget\" data-widget_type=\"divider.default\">\n\t\t\t\t<div class=\"elementor-widget-container\">\n\t\t\t\t\t\t\t<div class=\"elementor-divider\">\n\t\t\t<span class=\"elementor-divider-separator\">\n\t\t\t\t\t\t<\/span>\n\t\t<\/div>\n\t\t\t\t\t\t<\/div>\n\t\t\t\t<\/div>\n\t\t\t\t<div class=\"elementor-element elementor-element-362d2ce elementor-widget elementor-widget-text-editor\" data-id=\"362d2ce\" data-element_type=\"widget\" data-e-type=\"widget\" data-widget_type=\"text-editor.default\">\n\t\t\t\t<div class=\"elementor-widget-container\">\n\t\t\t\t\t\t\t\t\t<p class=\"isSelectedEnd\">Une buvette et des cr\u00eapes seront propos\u00e9es sous le chapiteau. Des parkings seront disponibles \u00e0 proximit\u00e9 du site et dans le village. Les paddocks r\u00e9serv\u00e9s aux chevaux seront install\u00e9s dans le champ situ\u00e9 face au terrain communal, mis \u00e0 disposition par Ga\u00e9tan Bernad.<\/p><p>Apr\u00e8s la r\u00e9ussite de la premi\u00e8re \u00e9dition, Les Crini\u00e8res des Grands Causses souhaitent inscrire durablement cette f\u00eate dans le calendrier des grands rendez-vous aveyronnais. Pendant deux jours, Saint-L\u00e9ons deviendra ainsi un lieu de rencontres, de transmission et de partage autour d\u2019une m\u00eame passion : celle du cheval, v\u00e9ritable compagnon de vie.<\/p>\t\t\t\t\t\t\t\t<\/div>\n\t\t\t\t<\/div>\n\t\t\t\t<div class=\"elementor-element elementor-element-75ec06b elementor-widget elementor-widget-image\" data-id=\"75ec06b\" data-element_type=\"widget\" data-e-type=\"widget\" data-widget_type=\"image.default\">\n\t\t\t\t<div class=\"elementor-widget-container\">\n\t\t\t\t\t\t\t\t\t\t\t\t\t\t\t<img loading=\"lazy\" decoding=\"async\" width=\"800\" height=\"500\" src=\"https:\/\/www.aveyronline.net\/wp-content\/uploads\/2026\/09\/Fest_Cheval01-1024x640.jpg\" class=\"attachment-large size-large wp-image-25765\" alt=\"\" srcset=\"https:\/\/www.aveyronline.net\/wp-content\/uploads\/2026\/09\/Fest_Cheval01-1024x640.jpg 1024w, https:\/\/www.aveyronline.net\/wp-content\/uploads\/2026\/09\/Fest_Cheval01-300x188.jpg 300w, https:\/\/www.aveyronline.net\/wp-content\/uploads\/2026\/09\/Fest_Cheval01-768x480.jpg 768w, https:\/\/www.aveyronline.net\/wp-content\/uploads\/2026\/09\/Fest_Cheval01.jpg 1280w\" sizes=\"(max-width: 800px) 100vw, 800px\" title=\"\">\t\t\t\t\t\t\t\t\t\t\t\t\t\t\t<\/div>\n\t\t\t\t<\/div>\n\t\t\t\t<div class=\"elementor-element elementor-element-dfc8dbb elementor-widget-divider--view-line elementor-widget elementor-widget-divider\" data-id=\"dfc8dbb\" data-element_type=\"widget\" data-e-type=\"widget\" data-widget_type=\"divider.default\">\n\t\t\t\t<div class=\"elementor-widget-container\">\n\t\t\t\t\t\t\t<div class=\"elementor-divider\">\n\t\t\t<span class=\"elementor-divider-separator\">\n\t\t\t\t\t\t<\/span>\n\t\t<\/div>\n\t\t\t\t\t\t<\/div>\n\t\t\t\t<\/div>\n\t\t\t\t<section class=\"elementor-section elementor-inner-section elementor-element elementor-element-c1d6ec3 elementor-section-boxed elementor-section-height-default elementor-section-height-default\" data-id=\"c1d6ec3\" data-element_type=\"section\" data-e-type=\"section\">\n\t\t\t\t\t\t<div class=\"elementor-container elementor-column-gap-default\">\n\t\t\t\t\t<div class=\"elementor-column elementor-col-50 elementor-inner-column elementor-element elementor-element-fe35563\" data-id=\"fe35563\" data-element_type=\"column\" data-e-type=\"column\">\n\t\t\t<div class=\"elementor-widget-wrap elementor-element-populated\">\n\t\t\t\t\t\t<div class=\"elementor-element elementor-element-20c48d0 elementor-view-default elementor-widget elementor-widget-icon\" data-id=\"20c48d0\" data-element_type=\"widget\" data-e-type=\"widget\" data-widget_type=\"icon.default\">\n\t\t\t\t<div class=\"elementor-widget-container\">\n\t\t\t\t\t\t\t<div class=\"elementor-icon-wrapper\">\n\t\t\t<div class=\"elementor-icon\">\n\t\t\t<i aria-hidden=\"true\" class=\"fas fa-info-circle\"><\/i>\t\t\t<\/div>\n\t\t<\/div>\n\t\t\t\t\t\t<\/div>\n\t\t\t\t<\/div>\n\t\t\t\t\t<\/div>\n\t\t<\/div>\n\t\t\t\t<div class=\"elementor-column elementor-col-50 elementor-inner-column elementor-element elementor-element-3f2e9c5\" data-id=\"3f2e9c5\" data-element_type=\"column\" data-e-type=\"column\">\n\t\t\t<div class=\"elementor-widget-wrap elementor-element-populated\">\n\t\t\t\t\t\t<div class=\"elementor-element elementor-element-9bcc4ed elementor-widget elementor-widget-spacer\" data-id=\"9bcc4ed\" data-element_type=\"widget\" data-e-type=\"widget\" data-widget_type=\"spacer.default\">\n\t\t\t\t<div class=\"elementor-widget-container\">\n\t\t\t\t\t\t\t<div class=\"elementor-spacer\">\n\t\t\t<div class=\"elementor-spacer-inner\"><\/div>\n\t\t<\/div>\n\t\t\t\t\t\t<\/div>\n\t\t\t\t<\/div>\n\t\t\t\t<div class=\"elementor-element elementor-element-561db3a elementor-widget elementor-widget-text-editor\" data-id=\"561db3a\" data-element_type=\"widget\" data-e-type=\"widget\" data-widget_type=\"text-editor.default\">\n\t\t\t\t<div class=\"elementor-widget-container\">\n\t\t\t\t\t\t\t\t\t<p><strong>F\u00eate du cheval de Saint-L\u00e9ons<\/strong><br \/>Samedi 12 et dimanche 13 septembre 2026<br \/>Terrain communal, salle de la Valette et espace Jean-Henri Fabre<\/p><p>Renseignements : Nadine au 06 33 33 13 53<\/p><p>\u00a0<\/p>\t\t\t\t\t\t\t\t<\/div>\n\t\t\t\t<\/div>\n\t\t\t\t\t<\/div>\n\t\t<\/div>\n\t\t\t\t\t<\/div>\n\t\t<\/section>\n\t\t\t\t<div class=\"elementor-element elementor-element-f6aaa68 elementor-widget-divider--view-line elementor-widget elementor-widget-divider\" data-id=\"f6aaa68\" data-element_type=\"widget\" data-e-type=\"widget\" data-widget_type=\"divider.default\">\n\t\t\t\t<div class=\"elementor-widget-container\">\n\t\t\t\t\t\t\t<div class=\"elementor-divider\">\n\t\t\t<span class=\"elementor-divider-separator\">\n\t\t\t\t\t\t<\/span>\n\t\t<\/div>\n\t\t\t\t\t\t<\/div>\n\t\t\t\t<\/div>\n\t\t\t\t\t<\/div>\n\t\t<\/div>\n\t\t\t\t\t<\/div>\n\t\t<\/section>\n\t\t\t\t<\/div>\n\t\t","protected":false},"excerpt":{"rendered":"<p>Les 12 et 13 septembre 2026, Saint-L\u00e9ons vivra au rythme des sabots \u00e0 l\u2019occasion de la deuxi\u00e8me \u00e9dition de sa grande F\u00eate du cheval. Organis\u00e9 par l\u2019association Les Crini\u00e8res des Grands Causses, ce rendez-vous familial et populaire aura pour th\u00e8me \u00ab Le cheval, compagnon de vie \u00bb.<\/p>\n","protected":false},"author":1,"featured_media":25765,"comment_status":"closed","ping_status":"open","sticky":false,"template":"","format":"standard","meta":{"footnotes":""},"categories":[25,33,30],"tags":[2034,2038,288,155,1164,2033,2035,2028,2036,2039,2027,2030,2029,529,2037,1977,2031,846,2032,1928],"class_list":["post-25762","post","type-post","status-publish","format-standard","has-post-thumbnail","hentry","category-idees-dactivites","category-les-evenements","category-les-festivals","tag-ancra","tag-animations-familiales","tag-artisanat","tag-aveyron","tag-cheval","tag-cheval-dauvergne","tag-endurance-equestre","tag-equitation","tag-equitherapie","tag-evenements-en-aveyron","tag-fete-du-cheval","tag-gaston-mercier","tag-les-crinieres-des-grands-causses","tag-levezou","tag-maraichage","tag-patrimoine-rural","tag-randonnee-equestre","tag-saint-leons","tag-spectacle-equestre","tag-tourisme-en-aveyron"],"views":60,"_links":{"self":[{"href":"https:\/\/www.aveyronline.net\/index.php\/wp-json\/wp\/v2\/posts\/25762","targetHints":{"allow":["GET"]}}],"collection":[{"href":"https:\/\/www.aveyronline.net\/index.php\/wp-json\/wp\/v2\/posts"}],"about":[{"href":"https:\/\/www.aveyronline.net\/index.php\/wp-json\/wp\/v2\/types\/post"}],"author":[{"embeddable":true,"href":"https:\/\/www.aveyronline.net\/index.php\/wp-json\/wp\/v2\/users\/1"}],"replies":[{"embeddable":true,"href":"https:\/\/www.aveyronline.net\/index.php\/wp-json\/wp\/v2\/comments?post=25762"}],"version-history":[{"count":7,"href":"https:\/\/www.aveyronline.net\/index.php\/wp-json\/wp\/v2\/posts\/25762\/revisions"}],"predecessor-version":[{"id":25774,"href":"https:\/\/www.aveyronline.net\/index.php\/wp-json\/wp\/v2\/posts\/25762\/revisions\/25774"}],"wp:featuredmedia":[{"embeddable":true,"href":"https:\/\/www.aveyronline.net\/index.php\/wp-json\/wp\/v2\/media\/25765"}],"wp:attachment":[{"href":"https:\/\/www.aveyronline.net\/index.php\/wp-json\/wp\/v2\/media?parent=25762"}],"wp:term":[{"taxonomy":"category","embeddable":true,"href":"https:\/\/www.aveyronline.net\/index.php\/wp-json\/wp\/v2\/categories?post=25762"},{"taxonomy":"post_tag","embeddable":true,"href":"https:\/\/www.aveyronline.net\/index.php\/wp-json\/wp\/v2\/tags?post=25762"}],"curies":[{"name":"wp","href":"https:\/\/api.w.org\/{rel}","templated":true}]}}