{"id":2896,"date":"2021-05-29T14:09:23","date_gmt":"2021-05-29T12:09:23","guid":{"rendered":"https:\/\/www.aveyronline.net\/?p=2896"},"modified":"2023-01-25T10:40:46","modified_gmt":"2023-01-25T09:40:46","slug":"la-dessinerie","status":"publish","type":"post","link":"https:\/\/www.aveyronline.net\/index.php\/2021\/05\/29\/la-dessinerie\/","title":{"rendered":"La Dessinerie : \u00ab le plaisir de la cr\u00e9ation et de trouver l&rsquo;image juste \u00bb"},"content":{"rendered":"\n<h5 class=\"wp-block-heading\">Dessiner et illustrer, c\u2019est un loisir, une passion mais aussi un m\u00e9tier. Isabelle Assemat, dessinatrice et illustratrice, \u00e0 Onet le Ch\u00e2teau, a choisi d\u2019enchanter son quotidien et celui des enfants avec ce qu\u2019elle sait le mieux faire&nbsp;: cr\u00e9er.<\/h5>\n\n\n\n<div class=\"wp-block-image\"><figure class=\"alignright size-large is-resized\"><img decoding=\"async\" src=\"https:\/\/www.aveyronline.net\/wp-content\/uploads\/2021\/05\/IsabelleAssemat-735x1024.jpg\" alt=\"\" class=\"wp-image-2897\" width=\"189\" height=\"264\" title=\"\" srcset=\"https:\/\/www.aveyronline.net\/wp-content\/uploads\/2021\/05\/IsabelleAssemat-735x1024.jpg 735w, https:\/\/www.aveyronline.net\/wp-content\/uploads\/2021\/05\/IsabelleAssemat-215x300.jpg 215w, https:\/\/www.aveyronline.net\/wp-content\/uploads\/2021\/05\/IsabelleAssemat-768x1070.jpg 768w, https:\/\/www.aveyronline.net\/wp-content\/uploads\/2021\/05\/IsabelleAssemat-1102x1536.jpg 1102w, https:\/\/www.aveyronline.net\/wp-content\/uploads\/2021\/05\/IsabelleAssemat-1470x2048.jpg 1470w, https:\/\/www.aveyronline.net\/wp-content\/uploads\/2021\/05\/IsabelleAssemat-696x970.jpg 696w, https:\/\/www.aveyronline.net\/wp-content\/uploads\/2021\/05\/IsabelleAssemat-1068x1488.jpg 1068w, https:\/\/www.aveyronline.net\/wp-content\/uploads\/2021\/05\/IsabelleAssemat-301x420.jpg 301w, https:\/\/www.aveyronline.net\/wp-content\/uploads\/2021\/05\/IsabelleAssemat.jpg 1692w\" sizes=\"(max-width: 189px) 100vw, 189px\" \/><figcaption>Isabelle Assemat, une artiste accomplie ! (@Aveyronline)<\/figcaption><\/figure><\/div>\n\n\n\n<p>La cr\u00e9atrice de la Dessinerie, son atelier, a accept\u00e9 de se pr\u00eater au jeu des questions \/ r\u00e9ponses. Elle y retrace son v\u00e9cu et \u00e9bauche l\u2019avenir d\u2019un destin vou\u00e9 \u00e0 dessiner inlassablement pour \u00e9gayer la vie de tous.<\/p>\n\n\n\n<p><strong>Isabelle, quel est ton parcours ?&nbsp;&nbsp;<\/strong><\/p>\n\n\n\n<p>Je suis illustratrice pour la jeunesse depuis une vingtaine d&rsquo;ann\u00e9es. Je travaille surtout pour la presse notamment dans le magazine Les Belles Histoires. A mon arriv\u00e9e en Aveyron, en 2018, j&rsquo;ai commenc\u00e9 \u00e0 proposer des ateliers en direction des plus jeunes. J&rsquo;ai anim\u00e9 des sessions \u00ab&nbsp;dessin enfants&nbsp;\u00bb au Krill, entre autres, et j&rsquo;interviens dans les \u00e9coles dans le cadre de programmes d&rsquo;Aveyron Culture. Lors de l\u2019\u00e9t\u00e9 2020, j\u2019ai cr\u00e9\u00e9e la Dessinerie o\u00f9 je donne des ateliers de dessin gr\u00e2ce \u00e0 l&rsquo;association Place aux Arts qui les accueille dans son local.<\/p>\n\n\n\n<div class=\"wp-block-image\"><figure class=\"aligncenter size-large is-resized\"><img fetchpriority=\"high\" decoding=\"async\" src=\"https:\/\/www.aveyronline.net\/wp-content\/uploads\/2021\/05\/local-1.jpg\" alt=\"\" class=\"wp-image-2899\" width=\"737\" height=\"410\" title=\"\"><figcaption>La Dessinerie, la tani\u00e8re des artistes. (@Aveyronline)<\/figcaption><\/figure><\/div>\n\n\n\n<p><strong>Pourquoi avoir choisi cette voie&nbsp;?<\/strong><\/p>\n\n\n\n<p>J&rsquo;ai toujours aim\u00e9 les livres autant que l&rsquo;art et le dessin, et j&rsquo;ai voulu rester proche du monde de l&rsquo;enfance, m\u00eame apr\u00e8s l&rsquo;avoir quitt\u00e9. Au fond de moi, j\u2019ai toujours une \u00e2me d\u2019enfant, c\u2019est l\u2019ingr\u00e9dient principal pour \u00eatre cr\u00e9atif et stimuler le jeune public. A c\u00f4t\u00e9 de cela, j\u2019ai toujours eu la cr\u00e9ation dans la peau. J&rsquo;adore les bricolages, les petites fabrications et les inventions maison. Aujourd\u2019hui,&nbsp; je vis \u00e0 200&nbsp;% de ce qui m\u2019habite.&nbsp;<\/p>\n\n\n\n<p><strong>Quels produits et services proposes &#8211; tu&nbsp;?<\/strong><\/p>\n\n\n\n<p>A la Dessinerie, comme dans mes autres interventions, j&rsquo;am\u00e8ne les enfants \u00e0 d\u00e9couvrir de multiples fa\u00e7ons de cr\u00e9er des images, souvent en orientant leurs r\u00e9alisations vers le livre et l&rsquo;illustration. Nous fabriquons des mini-livres, nous apprenons \u00e0 dessiner des personnages et \u00e0 les mettre en situation, nous r\u00e9alisons des \u00ab&nbsp;pop-ups&nbsp;\u00bb,&#8230; A chaque s\u00e9ance, une surprise&nbsp;: une nouvelle technique, l&rsquo;utilisation d&rsquo;un support particulier ou un texte rigolo \u00e0 illustrer. A la fin de chaque atelier, chacun peut ramener \u00e0 la maison son \u0153uvre du jour.<\/p>\n\n\n\n<p><strong>Avec quel type de public travailles tu&nbsp;?<\/strong><\/p>\n\n\n\n<p>La Dessinerie accueille les enfants d\u00e8s 3 ans s&rsquo;ils sont accompagn\u00e9s par un parent. D\u2019ailleurs, celui-ci pourra participer aussi \u00e0 l&rsquo;atelier. De 4 \u00e0 12 ans environ, ils peuvent participer tout seuls comme des grands. Tous suivent la m\u00eame activit\u00e9, avec des adaptations pour respecter les diff\u00e9rentes tranches d&rsquo;\u00e2ge.<\/p>\n\n\n\n<figure class=\"wp-block-image size-large is-resized\"><img decoding=\"async\" src=\"https:\/\/www.aveyronline.net\/wp-content\/uploads\/2021\/05\/32.jpg\" alt=\"\" class=\"wp-image-2900\" width=\"534\" height=\"713\" title=\"\" srcset=\"https:\/\/www.aveyronline.net\/wp-content\/uploads\/2021\/05\/32.jpg 425w, https:\/\/www.aveyronline.net\/wp-content\/uploads\/2021\/05\/32-225x300.jpg 225w, https:\/\/www.aveyronline.net\/wp-content\/uploads\/2021\/05\/32-315x420.jpg 315w\" sizes=\"(max-width: 534px) 100vw, 534px\" \/><figcaption>Les apprentis cr\u00e9ateur \u00e0 l&rsquo;action. (@Aveyronline)<\/figcaption><\/figure>\n\n\n\n<figure class=\"wp-block-image size-large is-resized\"><img loading=\"lazy\" decoding=\"async\" src=\"https:\/\/www.aveyronline.net\/wp-content\/uploads\/2021\/05\/18-1024x576.jpg\" alt=\"\" class=\"wp-image-2901\" width=\"531\" height=\"300\" title=\"\" srcset=\"https:\/\/www.aveyronline.net\/wp-content\/uploads\/2021\/05\/18-1024x576.jpg 1024w, https:\/\/www.aveyronline.net\/wp-content\/uploads\/2021\/05\/18-300x169.jpg 300w, https:\/\/www.aveyronline.net\/wp-content\/uploads\/2021\/05\/18-768x432.jpg 768w, https:\/\/www.aveyronline.net\/wp-content\/uploads\/2021\/05\/18-1536x864.jpg 1536w, https:\/\/www.aveyronline.net\/wp-content\/uploads\/2021\/05\/18-696x392.jpg 696w, https:\/\/www.aveyronline.net\/wp-content\/uploads\/2021\/05\/18-1068x601.jpg 1068w, https:\/\/www.aveyronline.net\/wp-content\/uploads\/2021\/05\/18-747x420.jpg 747w, https:\/\/www.aveyronline.net\/wp-content\/uploads\/2021\/05\/18.jpg 1632w\" sizes=\"(max-width: 531px) 100vw, 531px\" \/><\/figure>\n\n\n\n<p><strong>Quel est ta satisfaction dans ton m\u00e9tier&nbsp;?<\/strong><\/p>\n\n\n\n<p>Mon m\u00e9tier, c&rsquo;est le plaisir de la cr\u00e9ation et celui de trouver l&rsquo;image juste&nbsp;: celle qui parle tout en \u00e9tant sympathique, dr\u00f4le ou \u00e9mouvante. Mais l&rsquo;illustration est un m\u00e9tier solitaire. C&rsquo;est un univers de calme et de concentration, que l&rsquo;on peut avoir envie de quitter un moment pour retrouver la vie au dehors. Partager des moments d&rsquo;activit\u00e9 en atelier et transmettre mon plaisir \u00e0 dessiner, \u00e0 peindre et \u00e0 inventer est un vrai bol d&rsquo;air frais.<\/p>\n\n\n\n<p><strong>Comment te d\u00e9finirais tu en trois mots comme artiste&nbsp;?<\/strong><\/p>\n\n\n\n<p>En tant qu&rsquo;illustratrice, je ne me d\u00e9finis pas comme artiste, mais plut\u00f4t comme un artisan qui cultive son petit monde d&rsquo;images. Du c\u00f4t\u00e9 des ateliers, j&rsquo;essaie de transmettre des savoir-faire, de stimuler la cr\u00e9ativit\u00e9 des enfants, mais surtout de leur offrir de bons moments.<\/p>\n\n\n\n<p><strong>Peux tu nous donner une anecdote sur ton v\u00e9cu&nbsp;?<\/strong><\/p>\n\n\n\n<p>Je fais sensation aupr\u00e8s des enfants avec mon s\u00e8che-cheveux, que j&rsquo;utilise pour acc\u00e9l\u00e9rer le s\u00e9chage des peintures. Pour eux c&rsquo;est un d\u00e9tournement d&rsquo;objet&nbsp;: un s\u00e8che cheveux, c&rsquo;est fait pour souffler uniquement sur des t\u00eates.<\/p>\n\n\n\n<p><strong>Quels sont tes projets pour l\u2019avenir ?<\/strong><\/p>\n\n\n\n<p>J&rsquo;ai de nombreuses nouvelles activit\u00e9s \u00e0 mettre en forme pour les ateliers des mois prochains. Quelques-uns auront lieu cet \u00e9t\u00e9, et je souhaite pr\u00e9parer une jolie rentr\u00e9e \u00e0 la Dessinerie. J&rsquo;aimerais p\u00e9renniser un cycle d&rsquo;ateliers d&rsquo;illustration de comptines qui d\u00e9bouche, pour chaque enfant, sur la r\u00e9alisation de son vrai petit album imprim\u00e9.<\/p>\n\n\n\n<p>Page Facebook : <a href=\"https:\/\/www.facebook.com\/La-Dessinerie-115304516960442\" class=\"rank-math-link\" rel=\"nofollow noopener\" target=\"_blank\">https:\/\/www.facebook.com\/La-Dessinerie-115304516960442<\/a><\/p>\n\n\n\n<p>Site internet : <a href=\"http:\/\/dessinerie.com\/\" class=\"rank-math-link\" rel=\"nofollow noopener\" target=\"_blank\">http:\/\/dessinerie.com\/<\/a><\/p>\n\n\n\n<p>Contact : iassemat@spectable.com<\/p>\n","protected":false},"excerpt":{"rendered":"<p>Dessiner et illustrer, c\u2019est un loisir, une passion mais aussi un m\u00e9tier. Isabelle Assemat, dessinatrice et illustratrice, \u00e0 Onet le Ch\u00e2teau, a choisi d\u2019enchanter son quotidien et celui des enfants avec ce qu\u2019elle sait le mieux faire&nbsp;: cr\u00e9er. La cr\u00e9atrice de la Dessinerie, son atelier, a accept\u00e9 de se pr\u00eater au jeu des questions \/ [&hellip;]<\/p>\n","protected":false},"author":5,"featured_media":2907,"comment_status":"open","ping_status":"open","sticky":false,"template":"","format":"standard","meta":{"footnotes":""},"categories":[18,23,25],"tags":[450,451,455,453,452,454,357,64],"class_list":["post-2896","post","type-post","status-publish","format-standard","has-post-thumbnail","hentry","category-biodiversite","category-bouger","category-idees-dactivites","tag-isabelle","tag-assemat","tag-creation","tag-dessin","tag-dessinerie","tag-illustration","tag-onet-le-chateau","tag-rodez"],"views":59,"_links":{"self":[{"href":"https:\/\/www.aveyronline.net\/index.php\/wp-json\/wp\/v2\/posts\/2896","targetHints":{"allow":["GET"]}}],"collection":[{"href":"https:\/\/www.aveyronline.net\/index.php\/wp-json\/wp\/v2\/posts"}],"about":[{"href":"https:\/\/www.aveyronline.net\/index.php\/wp-json\/wp\/v2\/types\/post"}],"author":[{"embeddable":true,"href":"https:\/\/www.aveyronline.net\/index.php\/wp-json\/wp\/v2\/users\/5"}],"replies":[{"embeddable":true,"href":"https:\/\/www.aveyronline.net\/index.php\/wp-json\/wp\/v2\/comments?post=2896"}],"version-history":[{"count":12,"href":"https:\/\/www.aveyronline.net\/index.php\/wp-json\/wp\/v2\/posts\/2896\/revisions"}],"predecessor-version":[{"id":2991,"href":"https:\/\/www.aveyronline.net\/index.php\/wp-json\/wp\/v2\/posts\/2896\/revisions\/2991"}],"wp:featuredmedia":[{"embeddable":true,"href":"https:\/\/www.aveyronline.net\/index.php\/wp-json\/wp\/v2\/media\/2907"}],"wp:attachment":[{"href":"https:\/\/www.aveyronline.net\/index.php\/wp-json\/wp\/v2\/media?parent=2896"}],"wp:term":[{"taxonomy":"category","embeddable":true,"href":"https:\/\/www.aveyronline.net\/index.php\/wp-json\/wp\/v2\/categories?post=2896"},{"taxonomy":"post_tag","embeddable":true,"href":"https:\/\/www.aveyronline.net\/index.php\/wp-json\/wp\/v2\/tags?post=2896"}],"curies":[{"name":"wp","href":"https:\/\/api.w.org\/{rel}","templated":true}]}}