{"id":2930,"date":"2021-05-29T16:26:47","date_gmt":"2021-05-29T14:26:47","guid":{"rendered":"https:\/\/www.aveyronline.net\/?p=2930"},"modified":"2021-05-29T16:30:35","modified_gmt":"2021-05-29T14:30:35","slug":"jardin-bournazel","status":"publish","type":"post","link":"https:\/\/www.aveyronline.net\/index.php\/2021\/05\/29\/jardin-bournazel\/","title":{"rendered":"18\u00e8me Rendez-vous au Jardin&#8230; de Bournazel"},"content":{"rendered":"\n<h4 class=\"wp-block-heading\"><strong>Rendez-vous aux jardins 2021 au Ch\u00e2teau de Bournazel<\/strong><br><strong>Vendredi 4 juin, samedi 5 juin et dimanche 6 juin<\/strong><\/h4>\n\n\n\n<p>Con\u00e7ue pour \u00e9veiller les sens et faire d\u00e9couvrir \u00e0 chacun la diversit\u00e9 et la richesse du monde des jardins, \u00ab<strong><a href=\"https:\/\/rendezvousauxjardins.culture.gouv.fr\" target=\"_blank\" rel=\"noreferrer noopener nofollow\" class=\"rank-math-link\"> Rendez-vous aux jardins <\/a>\u00bb<\/strong> met en valeur depuis son origine en 2003 l\u2019art du jardin et le r\u00f4le essentiel qu\u2019il joue pour notre bien-\u00eatre, tant en ville qu\u2019en milieu rural. Le Ch\u00e2teau de Bournazel est fier de participer \u00e0 la dix-huiti\u00e8me manifestation sur le th\u00e8me \u00ab la transmission des savoirs \u00bb.<\/p>\n\n\n\n<figure class=\"wp-block-embed is-type-video is-provider-vimeo wp-block-embed-vimeo wp-embed-aspect-16-9 wp-has-aspect-ratio\"><div class=\"wp-block-embed__wrapper\">\n<iframe title=\"Rendez-vous aux Jardin 2021 - Bournazel\" src=\"https:\/\/player.vimeo.com\/video\/556130008?dnt=1&amp;app_id=122963\" width=\"800\" height=\"450\" frameborder=\"0\" allow=\"autoplay; fullscreen; picture-in-picture; clipboard-write\"><\/iframe>\n<\/div><figcaption>Bande annonce de l&rsquo;\u00e9v\u00e8nement<\/figcaption><\/figure>\n\n\n\n<p><strong>Samedi 5 juin \u2013 15h30<\/strong>&nbsp;: \u00ab La naissance du jardin fran\u00e7ais : inventions et transferts artistiques dans l\u2019Europe de la Renaissance \u00bb conf\u00e9rence de Thierry Verdier, professeur en Histoire de l\u2019Art et architecte \u00e0 l\u2019initiative de la restitution du jardin.<\/p>\n\n\n\n<p>Concours de photographie pour les visiteurs : th\u00e8me \u00ab La vie sauvage dans le jardin de Bournazel \u00bb.<\/p>\n\n\n\n<p class=\"has-text-align-right\"><strong>Informations pratiques<\/strong><br>Ouverture du jardin : 14h-18h<br>Tarif pr\u00e9f\u00e9rentiel : 3 \u20ac (gratuit pour les moins de 6 ans)<br>Renseignements :&nbsp;<a href=\"mailto:chateau.de.bournazel@gmail.com\" target=\"_blank\" rel=\"noreferrer noopener\">chateau.de.bournazel@gmail.com<\/a><\/p>\n\n\n\n<p><\/p>\n","protected":false},"excerpt":{"rendered":"<p>Rendez-vous aux jardins 2021 au Ch\u00e2teau de BournazelVendredi 4 juin, samedi 5 juin et dimanche 6 juin Con\u00e7ue pour \u00e9veiller les sens et faire d\u00e9couvrir \u00e0 chacun la diversit\u00e9 et la richesse du monde des jardins, \u00ab Rendez-vous aux jardins \u00bb met en valeur depuis son origine en 2003 l\u2019art du jardin et le r\u00f4le [&hellip;]<\/p>\n","protected":false},"author":1,"featured_media":2931,"comment_status":"open","ping_status":"open","sticky":false,"template":"","format":"standard","meta":{"footnotes":""},"categories":[25,33,32,24],"tags":[104,266,460,106,462,461],"class_list":["post-2930","post","type-post","status-publish","format-standard","has-post-thumbnail","hentry","category-idees-dactivites","category-les-evenements","category-les-parcs","category-les-rendez-vous","tag-bournazel","tag-culture","tag-evenement","tag-jardin","tag-renaissance","tag-rendez-vous"],"views":46,"_links":{"self":[{"href":"https:\/\/www.aveyronline.net\/index.php\/wp-json\/wp\/v2\/posts\/2930","targetHints":{"allow":["GET"]}}],"collection":[{"href":"https:\/\/www.aveyronline.net\/index.php\/wp-json\/wp\/v2\/posts"}],"about":[{"href":"https:\/\/www.aveyronline.net\/index.php\/wp-json\/wp\/v2\/types\/post"}],"author":[{"embeddable":true,"href":"https:\/\/www.aveyronline.net\/index.php\/wp-json\/wp\/v2\/users\/1"}],"replies":[{"embeddable":true,"href":"https:\/\/www.aveyronline.net\/index.php\/wp-json\/wp\/v2\/comments?post=2930"}],"version-history":[{"count":2,"href":"https:\/\/www.aveyronline.net\/index.php\/wp-json\/wp\/v2\/posts\/2930\/revisions"}],"predecessor-version":[{"id":2935,"href":"https:\/\/www.aveyronline.net\/index.php\/wp-json\/wp\/v2\/posts\/2930\/revisions\/2935"}],"wp:featuredmedia":[{"embeddable":true,"href":"https:\/\/www.aveyronline.net\/index.php\/wp-json\/wp\/v2\/media\/2931"}],"wp:attachment":[{"href":"https:\/\/www.aveyronline.net\/index.php\/wp-json\/wp\/v2\/media?parent=2930"}],"wp:term":[{"taxonomy":"category","embeddable":true,"href":"https:\/\/www.aveyronline.net\/index.php\/wp-json\/wp\/v2\/categories?post=2930"},{"taxonomy":"post_tag","embeddable":true,"href":"https:\/\/www.aveyronline.net\/index.php\/wp-json\/wp\/v2\/tags?post=2930"}],"curies":[{"name":"wp","href":"https:\/\/api.w.org\/{rel}","templated":true}]}}