{"id":4071,"date":"2021-08-17T20:24:14","date_gmt":"2021-08-17T18:24:14","guid":{"rendered":"https:\/\/www.aveyronline.net\/?p=4071"},"modified":"2021-08-18T07:49:37","modified_gmt":"2021-08-18T05:49:37","slug":"une-soiree-exceptionnelle","status":"publish","type":"post","link":"https:\/\/www.aveyronline.net\/index.php\/2021\/08\/17\/une-soiree-exceptionnelle\/","title":{"rendered":"Une soir\u00e9e exceptionnelle au ch\u00e2teau de S\u00e9v\u00e9rac, le samedi 21 ao\u00fbt"},"content":{"rendered":"\n<p><\/p>\n\n\n\n<h4 class=\"wp-block-heading\">Ce samedi 21 aout, venez d\u00e9couvrir le ch\u00e2teau de S\u00e9v\u00e9rac comme vous ne l\u2019avez jamais vu&nbsp;! Il va se parer de mille lumi\u00e8res, couleurs et merveilles, au son du concert du groupe <em>\u00ab&nbsp;La Beluga<\/em>&nbsp;\u00bb, un m\u00e9lange de musique traditionnelle et de musique \u00e9lectro. \u00ab&nbsp;<em>La beluga<\/em>&nbsp;\u00bb, signifie l\u2019\u00e9tincelle, en occitan, et du choc jaillit l&rsquo;\u00e9tincelle !!!<\/h4>\n\n\n\n<p>Ce choc, c&rsquo;est la rencontre de la musique acoustique, traditionnelle, ancienne avec la musique \u00e9lectro. Cette \u00e9tincelle, La Beluga vous la sert jaillissante, r\u00e9chauffante et \u00e9blouissante. Elle va vous faire l&rsquo;effet d&rsquo;un chaleureux feu de bois, d&rsquo;un feu d&rsquo;artifice d\u00e9tonnant. Attention \u00e0 vos yeux et \u00e0 vos oreilles !!!!<\/p>\n\n\n\n<figure class=\"wp-block-embed is-type-video is-provider-youtube wp-block-embed-youtube wp-embed-aspect-16-9 wp-has-aspect-ratio\"><div class=\"wp-block-embed__wrapper\">\n<iframe title=\"Trio La Beluga \u00e0 Conques\" width=\"800\" height=\"450\" src=\"https:\/\/www.youtube.com\/embed\/o46FcWjp6FE?feature=oembed\" frameborder=\"0\" allow=\"accelerometer; autoplay; clipboard-write; encrypted-media; gyroscope; picture-in-picture; web-share\" referrerpolicy=\"strict-origin-when-cross-origin\" allowfullscreen><\/iframe>\n<\/div><\/figure>\n\n\n\n<p><br>Quoi qu&rsquo;elle vous \u00e9voque, La Beluga, c&rsquo;est le feu que les femmes troubadours nous transmettent dans leurs textes, po\u00e9sies br\u00fblantes de d\u00e9sir, de col\u00e8re, de douleur, de revendication. Apr\u00e8s avoir travers\u00e9 huit si\u00e8cles, ces vers chant\u00e9s et slam\u00e9s sont \u00e9clair\u00e9s par la musique authentique et novatrice du groupe, gardien de ce feu qui jaillit aujourd&rsquo;hui \u00e0 vos oreilles et \u00e0 vos c\u0153urs.<\/p>\n\n\n\n<div class=\"wp-block-image\"><figure class=\"aligncenter size-large is-resized\"><img fetchpriority=\"high\" decoding=\"async\" src=\"https:\/\/www.aveyronline.net\/wp-content\/uploads\/2021\/08\/DSCF9228-modif-768x1024.jpg\" alt=\"\" class=\"wp-image-4072\" width=\"486\" height=\"648\" title=\"\" srcset=\"https:\/\/www.aveyronline.net\/wp-content\/uploads\/2021\/08\/DSCF9228-modif-768x1024.jpg 768w, https:\/\/www.aveyronline.net\/wp-content\/uploads\/2021\/08\/DSCF9228-modif-225x300.jpg 225w, https:\/\/www.aveyronline.net\/wp-content\/uploads\/2021\/08\/DSCF9228-modif-1152x1536.jpg 1152w, https:\/\/www.aveyronline.net\/wp-content\/uploads\/2021\/08\/DSCF9228-modif-696x928.jpg 696w, https:\/\/www.aveyronline.net\/wp-content\/uploads\/2021\/08\/DSCF9228-modif-1068x1424.jpg 1068w, https:\/\/www.aveyronline.net\/wp-content\/uploads\/2021\/08\/DSCF9228-modif-315x420.jpg 315w, https:\/\/www.aveyronline.net\/wp-content\/uploads\/2021\/08\/DSCF9228-modif.jpg 1181w\" sizes=\"(max-width: 486px) 100vw, 486px\" \/><figcaption>Les murs de pierres s\u2019habilleront de d\u00e9cors mouvants \u00e0 la fois psych\u00e9d\u00e9liques et surr\u00e9alistes. (@DL)<\/figcaption><\/figure><\/div>\n\n\n\n<p>Durant ce concert, vous verrez le ch\u00e2teau se m\u00e9tamorphoser sous vos yeux, telle une fresque \u00e9volutive, gr\u00e2ce aux projections monumentales de Delirium Lumens&nbsp;qui cr\u00e9eront de v\u00e9ritables&nbsp; installations plastiques, in situ. Le ch\u00e2teau de S\u00e9v\u00e9rac se transformera de mani\u00e8re spectaculaire, po\u00e9tique et festive, au rythme de la musique de La Beluga, et les murs de pierres s\u2019habilleront de d\u00e9cors mouvants \u00e0 la fois psych\u00e9d\u00e9liques et surr\u00e9alistes.<\/p>\n\n\n\n<p>Samedi 21 ao\u00fbt, \u00e0 21h15 le rendez-vous est au ch\u00e2teau de S\u00e9v\u00e9rac d\u2019Aveyron.<\/p>\n\n\n\n<p><em>Tarifs&nbsp;: 10\u20ac \/ \u00e0 partir de 12 ans \u2013 5\u20ac\/ enfants de 6 \u00e0 11 ans \u2013 gratuit pour les moins de 6 ans<\/em>.<\/p>\n\n\n\n<p><em>Les billets sont en vente d\u00e8s \u00e0 pr\u00e9sent \u00e0 l\u2019Office de Tourisme&nbsp;<\/em>\/ <em>Pr\u00e9sentation du pass sanitaire obligatoire&nbsp;: pensez \u00e0 venir avec votre pass (vaccin ou test effectu\u00e9).<\/em> La soir\u00e9e est programm\u00e9 par la commune de S\u00e9v\u00e9rac d\u2019Aveyron.<\/p>\n\n\n\n<p><strong>Un rendez-vous \u00e0 ne pas manquer&nbsp;! Une soir\u00e9e dont vous vous souviendrez !<\/strong><\/p>\n\n\n\n<p>Facebook OT S\u00e9verac : <a href=\"https:\/\/www.facebook.com\/emilie.severac.1\" target=\"_blank\" rel=\"noreferrer noopener nofollow\">https:\/\/www.facebook.com\/emilie.severac.1<\/a><\/p>\n\n\n\n<p>Office du tourisme de S\u00e9verac d&rsquo;Aveyron : <a href=\"http:\/\/www.tourisme-severaclechateau.fr\/\" target=\"_blank\" rel=\"noreferrer noopener nofollow\">http:\/\/www.tourisme-severaclechateau.fr\/<\/a><\/p>\n\n\n\n<p><\/p>\n","protected":false},"excerpt":{"rendered":"<p>Ce samedi 21 aout, venez d\u00e9couvrir le ch\u00e2teau de S\u00e9v\u00e9rac comme vous ne l\u2019avez jamais vu&nbsp;! Il va se parer de mille lumi\u00e8res, couleurs et merveilles, au son du concert du groupe \u00ab&nbsp;La Beluga&nbsp;\u00bb, un m\u00e9lange de musique traditionnelle et de musique \u00e9lectro. \u00ab&nbsp;La beluga&nbsp;\u00bb, signifie l\u2019\u00e9tincelle, en occitan, et du choc jaillit l&rsquo;\u00e9tincelle !!! [&hellip;]<\/p>\n","protected":false},"author":5,"featured_media":4072,"comment_status":"open","ping_status":"open","sticky":false,"template":"","format":"standard","meta":{"footnotes":""},"categories":[23,25,33,31,56],"tags":[637,391,730,728,82,212,727,729],"class_list":["post-4071","post","type-post","status-publish","format-standard","has-post-thumbnail","hentry","category-bouger","category-idees-dactivites","category-les-evenements","category-se-detendre","category-se-divertir","tag-la-beluga","tag-chateau-2","tag-delirium-lumens","tag-etincelle","tag-musique","tag-occitan","tag-severac-daveyron","tag-soiree"],"views":58,"_links":{"self":[{"href":"https:\/\/www.aveyronline.net\/index.php\/wp-json\/wp\/v2\/posts\/4071","targetHints":{"allow":["GET"]}}],"collection":[{"href":"https:\/\/www.aveyronline.net\/index.php\/wp-json\/wp\/v2\/posts"}],"about":[{"href":"https:\/\/www.aveyronline.net\/index.php\/wp-json\/wp\/v2\/types\/post"}],"author":[{"embeddable":true,"href":"https:\/\/www.aveyronline.net\/index.php\/wp-json\/wp\/v2\/users\/5"}],"replies":[{"embeddable":true,"href":"https:\/\/www.aveyronline.net\/index.php\/wp-json\/wp\/v2\/comments?post=4071"}],"version-history":[{"count":4,"href":"https:\/\/www.aveyronline.net\/index.php\/wp-json\/wp\/v2\/posts\/4071\/revisions"}],"predecessor-version":[{"id":4076,"href":"https:\/\/www.aveyronline.net\/index.php\/wp-json\/wp\/v2\/posts\/4071\/revisions\/4076"}],"wp:featuredmedia":[{"embeddable":true,"href":"https:\/\/www.aveyronline.net\/index.php\/wp-json\/wp\/v2\/media\/4072"}],"wp:attachment":[{"href":"https:\/\/www.aveyronline.net\/index.php\/wp-json\/wp\/v2\/media?parent=4071"}],"wp:term":[{"taxonomy":"category","embeddable":true,"href":"https:\/\/www.aveyronline.net\/index.php\/wp-json\/wp\/v2\/categories?post=4071"},{"taxonomy":"post_tag","embeddable":true,"href":"https:\/\/www.aveyronline.net\/index.php\/wp-json\/wp\/v2\/tags?post=4071"}],"curies":[{"name":"wp","href":"https:\/\/api.w.org\/{rel}","templated":true}]}}