{"id":5125,"date":"2021-11-02T08:15:00","date_gmt":"2021-11-02T07:15:00","guid":{"rendered":"https:\/\/www.aveyronline.net\/?p=5125"},"modified":"2021-11-06T09:30:50","modified_gmt":"2021-11-06T08:30:50","slug":"conference","status":"publish","type":"post","link":"https:\/\/www.aveyronline.net\/index.php\/2021\/11\/02\/conference\/","title":{"rendered":"\u00ab\u00a0La main en visi\u00e8re\u00a0\u00bb au mus\u00e9e de Millau et des Grands Causses"},"content":{"rendered":"\n<h2 class=\"wp-block-heading\">Mardi 16 novembre \u00e0 18h30, au mus\u00e9e de Millau et des Grands Causses, c&rsquo;est Nicolas Daubanes, artiste plasticien, qui est au programme en partenariat avec la Vitrine R\u00e9gionale d\u2019Art Contemporain (VRAC).  Il sera \u00e0 l&rsquo;affiche d&rsquo;une conf\u00e9rence intitul\u00e9e \u00ab\u00a0La main en visi\u00e8re\u00a0\u00bb.<\/h2>\n\n\n\n<div class=\"wp-block-image\"><figure class=\"aligncenter size-large is-resized\"><img fetchpriority=\"high\" decoding=\"async\" src=\"https:\/\/www.aveyronline.net\/wp-content\/uploads\/2021\/11\/Gre\u0301goire-Avenel-Cool-Hunt-Paris-1024x1004.jpg\" alt=\"\" class=\"wp-image-5126\" width=\"754\" height=\"734\" title=\"\"><figcaption>Nicolas Daubanes   (@Cool Hunt Paris)<\/figcaption><\/figure><\/div>\n\n\n\n<h2 class=\"wp-block-heading\">Un travail autour de l&rsquo;enferment et de la libert\u00e9<\/h2>\n\n\n\n<p>Depuis 10 ans, le travail de Nicolas DAUBANES s&rsquo;articule autour des questions d&rsquo;enfermement et de tentatives de reprise de libert\u00e9. C&rsquo;est pr\u00e9cis\u00e9ment le moment qui marque le d\u00e9gagement de la contrainte, quelle qu&rsquo;elle soit, qui int\u00e9resse l&rsquo;artiste et que met en lumi\u00e8re l\u2019une de ses \u0153uvres actuellement pr\u00e9sent\u00e9e dans le cadre de l\u2019exposition&nbsp;<em>Luttes et utopies 1971-2021&nbsp;: 50 ans d\u2019art engag\u00e9<\/em>.<\/p>\n\n\n\n<p>L\u2019artiste \u00e9voquera ses r\u00e9sidences en milieu carc\u00e9ral, hospitalier ou dans des espaces d\u00e9di\u00e9s \u00e0 la m\u00e9moire collective concernant les faits de R\u00e9sistance pendant la Seconde Guerre mondiale.  Il s&rsquo;appuiera sur des expositions qu&rsquo;il a pu tenir au Palais de Tokyo \u00e0 Paris ou au Mus\u00e9e des Abattoirs de Toulouse, et il rendra compte des espaces dans lesquels il a pu agir en dehors des circuits classiques du monde artistique. &nbsp;Les \u0153uvres propos\u00e9es par l\u2019artiste sont multiples, parfois conceptuelles, mais r\u00e9solument inscrites dans la discipline de l\u2019art contemporain.<\/p>\n\n\n\n<p>En lien avec la conf\u00e9rence,&nbsp;la projection du documentaire \u00ab&nbsp;La pens\u00e9e en chantier&nbsp;\u00bb, r\u00e9alis\u00e9 par Claire LACABANNE autour d\u2019une \u0153uvre de Nicolas DAUBANES est programm\u00e9e&nbsp;le jeudi 18 novembre \u00e0&nbsp;18h30&nbsp;aux Cin\u00e9mas de Millau.&nbsp;&nbsp;Gratuit<\/p>\n\n\n\n<p class=\"has-text-align-center\">Cette conf\u00e9rence est destin\u00e9e  aux adultes. Il est pr\u00e9f\u00e9rable de r\u00e9server m\u00eame si l&rsquo;entr\u00e9e est gratuite. <\/p>\n\n\n\n<p><\/p>\n\n\n\n<p class=\"has-text-align-center\"><strong>Mus\u00e9e de Millau et des Grands Causses &#8211;&nbsp;H\u00f4tel de P\u00e9gayrolles \u2013 Place Foch \u2013 12100 Millau &#8211;&nbsp;T\u00e9l.&nbsp;: 05 65 59 01 08\u2013&nbsp;<a href=\"mailto:musee@millau.fr\" rel=\"noreferrer noopener\" target=\"_blank\">musee@millau.fr<\/a><\/strong><\/p>\n","protected":false},"excerpt":{"rendered":"<p>Mardi 16 novembre \u00e0 18h30, au mus\u00e9e de Millau et des Grands Causses, c&rsquo;est Nicolas Daubanes, artiste plasticien, qui est au programme en partenariat avec la Vitrine R\u00e9gionale d\u2019Art Contemporain (VRAC). Il sera \u00e0 l&rsquo;affiche d&rsquo;une conf\u00e9rence intitul\u00e9e \u00ab\u00a0La main en visi\u00e8re\u00a0\u00bb. Un travail autour de l&rsquo;enferment et de la libert\u00e9 Depuis 10 ans, le [&hellip;]<\/p>\n","protected":false},"author":5,"featured_media":5126,"comment_status":"open","ping_status":"open","sticky":false,"template":"","format":"standard","meta":{"footnotes":""},"categories":[33,31,56],"tags":[882,504,878,877,429,875],"class_list":["post-5125","post","type-post","status-publish","format-standard","has-post-thumbnail","hentry","category-les-evenements","category-se-detendre","category-se-divertir","tag-musee-de-millau-et-des-grands-causses","tag-conference","tag-la-main-en-visiere","tag-liberte","tag-millau","tag-nicolas-daubanes"],"views":33,"_links":{"self":[{"href":"https:\/\/www.aveyronline.net\/index.php\/wp-json\/wp\/v2\/posts\/5125","targetHints":{"allow":["GET"]}}],"collection":[{"href":"https:\/\/www.aveyronline.net\/index.php\/wp-json\/wp\/v2\/posts"}],"about":[{"href":"https:\/\/www.aveyronline.net\/index.php\/wp-json\/wp\/v2\/types\/post"}],"author":[{"embeddable":true,"href":"https:\/\/www.aveyronline.net\/index.php\/wp-json\/wp\/v2\/users\/5"}],"replies":[{"embeddable":true,"href":"https:\/\/www.aveyronline.net\/index.php\/wp-json\/wp\/v2\/comments?post=5125"}],"version-history":[{"count":6,"href":"https:\/\/www.aveyronline.net\/index.php\/wp-json\/wp\/v2\/posts\/5125\/revisions"}],"predecessor-version":[{"id":5143,"href":"https:\/\/www.aveyronline.net\/index.php\/wp-json\/wp\/v2\/posts\/5125\/revisions\/5143"}],"wp:featuredmedia":[{"embeddable":true,"href":"https:\/\/www.aveyronline.net\/index.php\/wp-json\/wp\/v2\/media\/5126"}],"wp:attachment":[{"href":"https:\/\/www.aveyronline.net\/index.php\/wp-json\/wp\/v2\/media?parent=5125"}],"wp:term":[{"taxonomy":"category","embeddable":true,"href":"https:\/\/www.aveyronline.net\/index.php\/wp-json\/wp\/v2\/categories?post=5125"},{"taxonomy":"post_tag","embeddable":true,"href":"https:\/\/www.aveyronline.net\/index.php\/wp-json\/wp\/v2\/tags?post=5125"}],"curies":[{"name":"wp","href":"https:\/\/api.w.org\/{rel}","templated":true}]}}