{"id":5894,"date":"2022-01-02T18:25:20","date_gmt":"2022-01-02T17:25:20","guid":{"rendered":"https:\/\/www.aveyronline.net\/?p=5894"},"modified":"2022-01-02T20:29:00","modified_gmt":"2022-01-02T19:29:00","slug":"la-premiere-rando-vtt","status":"publish","type":"post","link":"https:\/\/www.aveyronline.net\/index.php\/2022\/01\/02\/la-premiere-rando-vtt\/","title":{"rendered":"La premi\u00e8re rando vtt de l&rsquo;ann\u00e9e entre Ruth\u00e9nois et S\u00e9gala au c\u0153ur de la vall\u00e9e de l&rsquo;Aveyron !"},"content":{"rendered":"\n<h4 class=\"wp-block-heading\">Pour d\u00e9buter l\u2019ann\u00e9e \u00e0 100 % en mode \u00e9nergie, l\u2019association des parents d\u2019\u00e9l\u00e8ves (APE) de l\u2019\u00e9cole Jacques Pr\u00e9vert de Luc propose un parcours entre S\u00e9gala et Ruth\u00e9nois dans un univers nature authentique et estampill\u00e9 Aveyron. <\/h4>\n\n\n\n<p>Ces aficionados de l\u2019effort organisent un trail, les Pr\u00e8s Verts, en version course \u00e0 pied et vtt le dimanche 6 f\u00e9vrier. Ils invitent le public \u00ab \u00e0 d\u00e9couvrir un terrain de jeu exceptionnel pour les sports natures \u00bb confient les organisateurs. Aujourd\u2019hui, c\u2019est le 27 kilom\u00e8tres en mode vtt qui est mis \u00e0 l\u2019honneur.<\/p>\n\n\n\n<div class=\"wp-block-image\"><figure class=\"aligncenter size-large is-resized\"><img fetchpriority=\"high\" decoding=\"async\" src=\"https:\/\/www.aveyronline.net\/wp-content\/uploads\/2022\/01\/Une-partie-Equipe-Sportive-APE-Bas-de-la-descente-du-Chemin-dAgnac-a-Ampiac-technique-1-1024x768.jpg\" alt=\"\" class=\"wp-image-5919\" width=\"652\" height=\"489\" title=\"\" srcset=\"https:\/\/www.aveyronline.net\/wp-content\/uploads\/2022\/01\/Une-partie-Equipe-Sportive-APE-Bas-de-la-descente-du-Chemin-dAgnac-a-Ampiac-technique-1-1024x768.jpg 1024w, https:\/\/www.aveyronline.net\/wp-content\/uploads\/2022\/01\/Une-partie-Equipe-Sportive-APE-Bas-de-la-descente-du-Chemin-dAgnac-a-Ampiac-technique-1-300x225.jpg 300w, https:\/\/www.aveyronline.net\/wp-content\/uploads\/2022\/01\/Une-partie-Equipe-Sportive-APE-Bas-de-la-descente-du-Chemin-dAgnac-a-Ampiac-technique-1-768x576.jpg 768w, https:\/\/www.aveyronline.net\/wp-content\/uploads\/2022\/01\/Une-partie-Equipe-Sportive-APE-Bas-de-la-descente-du-Chemin-dAgnac-a-Ampiac-technique-1-1536x1152.jpg 1536w, https:\/\/www.aveyronline.net\/wp-content\/uploads\/2022\/01\/Une-partie-Equipe-Sportive-APE-Bas-de-la-descente-du-Chemin-dAgnac-a-Ampiac-technique-1-2048x1536.jpg 2048w, https:\/\/www.aveyronline.net\/wp-content\/uploads\/2022\/01\/Une-partie-Equipe-Sportive-APE-Bas-de-la-descente-du-Chemin-dAgnac-a-Ampiac-technique-1-696x522.jpg 696w, https:\/\/www.aveyronline.net\/wp-content\/uploads\/2022\/01\/Une-partie-Equipe-Sportive-APE-Bas-de-la-descente-du-Chemin-dAgnac-a-Ampiac-technique-1-1068x801.jpg 1068w, https:\/\/www.aveyronline.net\/wp-content\/uploads\/2022\/01\/Une-partie-Equipe-Sportive-APE-Bas-de-la-descente-du-Chemin-dAgnac-a-Ampiac-technique-1-560x420.jpg 560w, https:\/\/www.aveyronline.net\/wp-content\/uploads\/2022\/01\/Une-partie-Equipe-Sportive-APE-Bas-de-la-descente-du-Chemin-dAgnac-a-Ampiac-technique-1-80x60.jpg 80w, https:\/\/www.aveyronline.net\/wp-content\/uploads\/2022\/01\/Une-partie-Equipe-Sportive-APE-Bas-de-la-descente-du-Chemin-dAgnac-a-Ampiac-technique-1-265x198.jpg 265w\" sizes=\"(max-width: 652px) 100vw, 652px\" \/><figcaption><em>L&rsquo;APE de l&rsquo;\u00e9cole de Luc vous propose une balade entre Ruth\u00e9nois et S\u00e9gala ! (@DR)<\/em><\/figcaption><\/figure><\/div>\n\n\n\n<h2 class=\"wp-block-heading\">Le menu du jour : 27 kilom\u00e8tres pour 1000 m\u00e8tres de d\u00e9nivel\u00e9 positif<\/h2>\n\n\n\n<h3 class=\"wp-block-heading\">Une escapade dans la vall\u00e9e de l\u2019Aveyron<\/h3>\n\n\n\n<p>C\u2019est une escapade dans la vall\u00e9e de l\u2019Aveyron qui attend les sportifs du jour. Ils traverseront les communes de Luc, Druelle, Moyraz\u00e8s et Baraqueville. Il faudra compter au moins 2h30 d\u2019efforts pour les v\u00e9t\u00e9tistes confirm\u00e9s. Pour des commodit\u00e9s logistiques, il est conseill\u00e9 de stationner \u00e0 la salle d\u2019animation de Luc pour commencer ce p\u00e9riple.<\/p>\n\n\n\n<h3 class=\"wp-block-heading\">Un r\u00e9gal pour tous les sportifs et amateurs de vtt<\/h3>\n\n\n\n<p>Le 27 kilom\u00e8tres, c\u2019est de la r\u00e9galade pour tous les sportifs et amateurs de vtt. Il faut une bonne condition physique car le parcours est technique. Le tout est un panel de ce que les v\u00e9t\u00e9tistes adorent avec des alternances de mont\u00e9es \/ descentes sur des monotraces et des chemins caillouteux avec une pluralit\u00e9 de paysages \u00bb affirment les membres de l\u2019APE.<\/p>\n\n\n\n<h3 class=\"wp-block-heading\">Un m\u00e9lange de mont\u00e9es et de descentes<\/h3>\n\n\n\n<p>Les randonneurs se dirigeront vers la Calmette, Calzin puis entreront dans le superbe bois de Rouillac.  \u00abCette partie est assez roulante, c\u2019est le tron\u00e7on parfait pour se mettre en jambes \u00bb ajoutent les organisateurs. <\/p>\n\n\n\n<div class=\"wp-block-image\"><figure class=\"aligncenter size-large is-resized\"><img decoding=\"async\" src=\"https:\/\/www.aveyronline.net\/wp-content\/uploads\/2022\/01\/Coucher-du-soleil-Route-des-Balades-1024x461.jpg\" alt=\"\" class=\"wp-image-5898\" width=\"711\" height=\"310\" title=\"\"><figcaption>En route pour la route des Balades !!! (@DR)<\/figcaption><\/figure><\/div>\n\n\n\n<p>Ils attaqueront ensuite par une mont\u00e9e technique vers la route des Balades pour encha\u00eener par une descente caillouteuse sur le pont du Rival et une c\u00f4te qui les conduira \u00e0 Agnac. Une descente difficile \u00e0 n\u00e9gocier sur un terrain rocheux les emm\u00e8nera sur Ampiac. Un ravitaillement y sera pr\u00e9sent le jour de la randonn\u00e9e.<\/p>\n\n\n\n<div class=\"wp-block-image\"><figure class=\"aligncenter size-large is-resized\"><img decoding=\"async\" src=\"https:\/\/www.aveyronline.net\/wp-content\/uploads\/2022\/01\/Chemin-dAgnac-vers-Ampiac-Avnt-Point-de-vue-1024x461.jpg\" alt=\"\" class=\"wp-image-5899\" width=\"870\" height=\"391\" title=\"\" srcset=\"https:\/\/www.aveyronline.net\/wp-content\/uploads\/2022\/01\/Chemin-dAgnac-vers-Ampiac-Avnt-Point-de-vue-1024x461.jpg 1024w, https:\/\/www.aveyronline.net\/wp-content\/uploads\/2022\/01\/Chemin-dAgnac-vers-Ampiac-Avnt-Point-de-vue-300x135.jpg 300w, https:\/\/www.aveyronline.net\/wp-content\/uploads\/2022\/01\/Chemin-dAgnac-vers-Ampiac-Avnt-Point-de-vue-768x346.jpg 768w, https:\/\/www.aveyronline.net\/wp-content\/uploads\/2022\/01\/Chemin-dAgnac-vers-Ampiac-Avnt-Point-de-vue-1536x692.jpg 1536w, https:\/\/www.aveyronline.net\/wp-content\/uploads\/2022\/01\/Chemin-dAgnac-vers-Ampiac-Avnt-Point-de-vue-2048x922.jpg 2048w, https:\/\/www.aveyronline.net\/wp-content\/uploads\/2022\/01\/Chemin-dAgnac-vers-Ampiac-Avnt-Point-de-vue-696x313.jpg 696w, https:\/\/www.aveyronline.net\/wp-content\/uploads\/2022\/01\/Chemin-dAgnac-vers-Ampiac-Avnt-Point-de-vue-1068x481.jpg 1068w, https:\/\/www.aveyronline.net\/wp-content\/uploads\/2022\/01\/Chemin-dAgnac-vers-Ampiac-Avnt-Point-de-vue-933x420.jpg 933w\" sizes=\"(max-width: 870px) 100vw, 870px\" \/><figcaption>La descente sur Ampiac. (@DR)<\/figcaption><\/figure><\/div>\n\n\n\n<h3 class=\"wp-block-heading\">Des paysages natures estampill\u00e9s Aveyron<\/h3>\n\n\n\n<p>Les v\u00e9t\u00e9tistes continueront sur le hameau de Castan pour retrouver un beau panorama avec un terrain plus roulant jusqu&rsquo;au pont d&rsquo;Ayssens. La deuxi\u00e8me difficult\u00e9 du circuit se profilera avec la c\u00f4te sur le chemin en direction du Cassarou.<\/p>\n\n\n\n<p> <\/p>\n\n\n\n<div class=\"wp-block-image\"><figure class=\"aligncenter size-large is-resized\"><img loading=\"lazy\" decoding=\"async\" src=\"https:\/\/www.aveyronline.net\/wp-content\/uploads\/2022\/01\/Point-de-vue-Castan-1024x485.jpg\" alt=\"\" class=\"wp-image-5921\" width=\"666\" height=\"306\" title=\"\"><figcaption>Un beau panorama \u00e0 Castan !!! (DR)<\/figcaption><\/figure><\/div>\n\n\n\n<p>\u00ab Profitez bien de ce moment, c\u2019est fort en intensit\u00e9 et en \u00e9motions avec un cours d\u2019eau en contrebas, c\u2019est un paysage atypique qui vous attend dans une sph\u00e8re totalement aveyronnaise \u00bb stipulent les organisateurs.<\/p>\n\n\n\n<div class=\"wp-block-image\"><figure class=\"aligncenter size-large is-resized\"><img loading=\"lazy\" decoding=\"async\" src=\"https:\/\/www.aveyronline.net\/wp-content\/uploads\/2022\/01\/Ruisseau-Bois-de-Cassarou-5-1024x768.jpg\" alt=\"\" class=\"wp-image-5916\" width=\"534\" height=\"395\" title=\"\"><figcaption>Des ruisseaux \u00e0 traverser !!! (@DR)<\/figcaption><\/figure><\/div>\n\n\n\n<p>Les v\u00e9t\u00e9tistes seront oblig\u00e9s de descendre de leur v\u00e9lo pour traverser une premi\u00e8re fois le ruisseau de Gourdelles, puis celui de la Lenne. Une nouvelle c\u00f4te sera au programme avant de traverser un bois vallonn\u00e9 alternant petites c\u00f4tes et petites descentes mais le tout est assez roulant. C\u2019est en direction du ruisseau du Tr\u00e9gou, que les participants partiront pour arriver \u00e0 une descente technique.<\/p>\n\n\n\n<h3 class=\"wp-block-heading\">Des beaux points de vue<\/h3>\n\n\n\n<p>La fatigue commencera \u00e0 se faire ressentir dans les organismes, les randonneurs remonteront par la route et prendront un chemin pour se rendre au Rocher de l\u2019Ours, o\u00f9 sera positionn\u00e9 le deuxi\u00e8me ravitaillement le 6 f\u00e9vrier. Ils pourront profiter d&rsquo;un point de vue magnifique sur la vall\u00e9e d&rsquo;Ampiac. Le retour sur Luc sera globalement roulant avec des passages \u00e0 Ruols, au chemin derri\u00e8re la Palmerie, aux lotissements le Bouscaillou et au Clos L\u00e9on pour finir sur la salle d\u2019animation.<\/p>\n\n\n\n<div class=\"wp-block-image\"><figure class=\"aligncenter size-large is-resized\"><img loading=\"lazy\" decoding=\"async\" src=\"https:\/\/www.aveyronline.net\/wp-content\/uploads\/2022\/01\/Point-de-vue-Rocher-de-lOurs-1-1024x485.jpg\" alt=\"\" class=\"wp-image-5896\" width=\"804\" height=\"380\" title=\"\" srcset=\"https:\/\/www.aveyronline.net\/wp-content\/uploads\/2022\/01\/Point-de-vue-Rocher-de-lOurs-1-1024x485.jpg 1024w, https:\/\/www.aveyronline.net\/wp-content\/uploads\/2022\/01\/Point-de-vue-Rocher-de-lOurs-1-300x142.jpg 300w, https:\/\/www.aveyronline.net\/wp-content\/uploads\/2022\/01\/Point-de-vue-Rocher-de-lOurs-1-768x363.jpg 768w, https:\/\/www.aveyronline.net\/wp-content\/uploads\/2022\/01\/Point-de-vue-Rocher-de-lOurs-1-1536x727.jpg 1536w, https:\/\/www.aveyronline.net\/wp-content\/uploads\/2022\/01\/Point-de-vue-Rocher-de-lOurs-1-2048x969.jpg 2048w, https:\/\/www.aveyronline.net\/wp-content\/uploads\/2022\/01\/Point-de-vue-Rocher-de-lOurs-1-696x329.jpg 696w, https:\/\/www.aveyronline.net\/wp-content\/uploads\/2022\/01\/Point-de-vue-Rocher-de-lOurs-1-1068x505.jpg 1068w, https:\/\/www.aveyronline.net\/wp-content\/uploads\/2022\/01\/Point-de-vue-Rocher-de-lOurs-1-888x420.jpg 888w\" sizes=\"(max-width: 804px) 100vw, 804px\" \/><figcaption>Un point de vue sensationnel au rocher de l&rsquo;Ours. (@DR)<\/figcaption><\/figure><\/div>\n\n\n\n<p>En bref, les organisateurs d\u00e9clarent \u00ab c\u2019est un parcours nature canon et exigeant qui va faire saliver les amateurs de vtt \u00bb. Ils invitent un maximum de personnes \u00e0 le reconna\u00eetre pour commencer l\u2019ann\u00e9e sous le signe du sport et de la nature. <\/p>\n\n\n\n<p>Les inscriptions pour le dimanche 6 f\u00e9vrier sont ouvertes et se font depuis le site unautresport : <a href=\"https:\/\/unautresport.com\/evenement\/2022-TrailPresVerts\" rel=\"nofollow noopener\" target=\"_blank\">https:\/\/unautresport.com\/evenement\/2022-TrailPresVerts<\/a> ou par bulletin en nous contactant par mail : <a href=\"ape.luc12450@gmail.com\">ape.luc12450@gmail.com<\/a>.<\/p>\n\n\n\n<p>Il faut noter qu&rsquo;une autre randonn\u00e9e vtt de 13 kilom\u00e8tres sera propos\u00e9e pour ceux qui veulent essayer de se lancer dans l&rsquo;aventure du vtt. <\/p>\n\n\n\n<div class=\"wp-block-image\"><figure class=\"aligncenter is-resized\"><img loading=\"lazy\" decoding=\"async\" src=\"https:\/\/scontent-mrs2-1.xx.fbcdn.net\/v\/t39.30808-6\/268265546_146152341100781_5853369688701454167_n.jpg?_nc_cat=111&amp;ccb=1-5&amp;_nc_sid=8bfeb9&amp;_nc_ohc=fCwMMEXwS9EAX8nswC2&amp;_nc_ht=scontent-mrs2-1.xx&amp;oh=00_AT9oqC1iY5LGPZUZj1evnF15PMQ02xoa9bR9-0dhVDQgRQ&amp;oe=61D6214E\" alt=\"Peut \u00eatre une image de 3 personnes, v\u00e9lo, plein air et texte\" width=\"354\" height=\"490\" title=\"\"><figcaption>N&rsquo;oubliez pas de vous inscrire au trail des Pr\u00e8s Verts ! @DR)<\/figcaption><\/figure><\/div>\n\n\n\n<p>Pour plus de renseignements sur l\u2019\u00e9preuve : <a href=\"https:\/\/www.facebook.com\/events\/583678172933459\/?ref=newsfeed\" target=\"_blank\" rel=\"noreferrer noopener nofollow\">https:\/\/www.facebook.com\/events\/583678172933459\/?ref=newsfeed<\/a><\/p>\n","protected":false},"excerpt":{"rendered":"<p>Pour d\u00e9buter l\u2019ann\u00e9e \u00e0 100 % en mode \u00e9nergie, l\u2019association des parents d\u2019\u00e9l\u00e8ves (APE) de l\u2019\u00e9cole Jacques Pr\u00e9vert de Luc propose un parcours entre S\u00e9gala et Ruth\u00e9nois dans un univers nature authentique et estampill\u00e9 Aveyron. Ces aficionados de l\u2019effort organisent un trail, les Pr\u00e8s Verts, en version course \u00e0 pied et vtt le dimanche 6 [&hellip;]<\/p>\n","protected":false},"author":5,"featured_media":5896,"comment_status":"open","ping_status":"open","sticky":false,"template":"","format":"standard","meta":{"footnotes":""},"categories":[23,26],"tags":[155,1000,1001,1003,222,229,363,999,359],"class_list":["post-5894","post","type-post","status-publish","format-standard","has-post-thumbnail","hentry","category-bouger","category-trails-et-randonnees","tag-aveyron","tag-ape","tag-association-des-parents-deleves","tag-pres-verts","tag-randonnee","tag-segala","tag-sport","tag-velo-2","tag-vtt"],"views":31,"_links":{"self":[{"href":"https:\/\/www.aveyronline.net\/index.php\/wp-json\/wp\/v2\/posts\/5894","targetHints":{"allow":["GET"]}}],"collection":[{"href":"https:\/\/www.aveyronline.net\/index.php\/wp-json\/wp\/v2\/posts"}],"about":[{"href":"https:\/\/www.aveyronline.net\/index.php\/wp-json\/wp\/v2\/types\/post"}],"author":[{"embeddable":true,"href":"https:\/\/www.aveyronline.net\/index.php\/wp-json\/wp\/v2\/users\/5"}],"replies":[{"embeddable":true,"href":"https:\/\/www.aveyronline.net\/index.php\/wp-json\/wp\/v2\/comments?post=5894"}],"version-history":[{"count":31,"href":"https:\/\/www.aveyronline.net\/index.php\/wp-json\/wp\/v2\/posts\/5894\/revisions"}],"predecessor-version":[{"id":5942,"href":"https:\/\/www.aveyronline.net\/index.php\/wp-json\/wp\/v2\/posts\/5894\/revisions\/5942"}],"wp:featuredmedia":[{"embeddable":true,"href":"https:\/\/www.aveyronline.net\/index.php\/wp-json\/wp\/v2\/media\/5896"}],"wp:attachment":[{"href":"https:\/\/www.aveyronline.net\/index.php\/wp-json\/wp\/v2\/media?parent=5894"}],"wp:term":[{"taxonomy":"category","embeddable":true,"href":"https:\/\/www.aveyronline.net\/index.php\/wp-json\/wp\/v2\/categories?post=5894"},{"taxonomy":"post_tag","embeddable":true,"href":"https:\/\/www.aveyronline.net\/index.php\/wp-json\/wp\/v2\/tags?post=5894"}],"curies":[{"name":"wp","href":"https:\/\/api.w.org\/{rel}","templated":true}]}}